{"id":43297,"date":"2026-08-29T13:21:57","date_gmt":"2026-08-29T16:21:57","guid":{"rendered":"https:\/\/fyno.pt\/?p=43297"},"modified":"2026-08-29T13:24:35","modified_gmt":"2026-08-29T16:24:35","slug":"weverton-alves-aposta-na-forca-da-musica-para-transformar-talentos-em-carreiras","status":"publish","type":"post","link":"https:\/\/fyno.pt\/pt\/musica\/weverton-alves-aposta-na-forca-da-musica-para-transformar-talentos-em-carreiras\/","title":{"rendered":"Weverton Alves aposta na for\u00e7a da m\u00fasica para transformar talentos em carreiras"},"content":{"rendered":"<h5 class=\"wp-block-heading\"><strong><em>\u00c0 frente da Top Work, empres\u00e1rio, produtor e compositor constr\u00f3i trajet\u00f3ria nos bastidores do mercado musical e aposta em novos nomes para ampliar o alcance da m\u00fasica brasileira<\/em><\/strong><\/h5>\r\n\r\n\r\n\r\n<p class=\"p2\">No palco, o p\u00fablico costuma enxergar o artista. Nos bastidores, por\u00e9m, existe uma engrenagem formada por profissionais respons\u00e1veis por transformar talento em projeto, m\u00fasica em produto e oportunidade em carreira. \u00c9 nesse territ\u00f3rio que <strong>Weverton Alves<\/strong> vem construindo sua trajet\u00f3ria.<\/p>\r\n\r\n\r\n\r\n<p class=\"p2\">Empres\u00e1rio, produtor e compositor, Weverton est\u00e1 \u00e0 frente da <strong>Top Work<\/strong>, produtora musical que nasceu justamente da percep\u00e7\u00e3o de que havia muitos artistas talentosos \u00e0 procura de uma oportunidade para mostrar seu trabalho. A empresa foi criada a partir de um projeto desenvolvido por Weverton e pela cantora <strong>Raphaela Santos<\/strong>, com a proposta de unir experi\u00eancia, estrutura e estrat\u00e9gia para desenvolver novos talentos.\u00a0<\/p>\r\n\r\n\r\n\r\n<figure class=\"wp-block-image size-large\"><img fetchpriority=\"high\" decoding=\"async\" width=\"803\" height=\"1024\" class=\"wp-image-43295\" src=\"https:\/\/fyno.pt\/wp-content\/uploads\/2026\/08\/img_0986-803x1024.jpeg\" srcset=\"https:\/\/fyno.pt\/wp-content\/uploads\/2026\/08\/img_0986-803x1024.jpeg 803w, https:\/\/fyno.pt\/wp-content\/uploads\/2026\/08\/img_0986-235x300.jpeg 235w, https:\/\/fyno.pt\/wp-content\/uploads\/2026\/08\/img_0986-768x979.jpeg 768w, https:\/\/fyno.pt\/wp-content\/uploads\/2026\/08\/img_0986-9x12.jpeg 9w, https:\/\/fyno.pt\/wp-content\/uploads\/2026\/08\/img_0986-750x956.jpeg 750w, https:\/\/fyno.pt\/wp-content\/uploads\/2026\/08\/img_0986.jpeg 1125w\" sizes=\"(max-width: 803px) 100vw, 803px\" \/>\r\n<figcaption class=\"wp-element-caption\">Foto Reprodu\u00e7\u00e3o.<\/figcaption>\r\n<\/figure>\r\n\r\n\r\n\r\n<p class=\"p2\">A ideia, desde o in\u00edcio, foi al\u00e9m de produzir m\u00fasica. A Top Work passou a atuar na constru\u00e7\u00e3o de projetos art\u00edsticos, aproximando artistas de uma estrutura profissional capaz de acompanhar diferentes etapas de uma carreira.<\/p>\r\n\r\n\r\n\r\n<p class=\"p3\"><strong>\u201cCada artista que entra para a Top Work traz consigo um novo sonho, que tamb\u00e9m passa a ser o nosso.\u201d<\/strong><\/p>\r\n\r\n\r\n\r\n<p class=\"p2\">A frase que aparece na apresenta\u00e7\u00e3o institucional da empresa resume uma filosofia que acompanha o trabalho desenvolvido por Weverton: enxergar o artista n\u00e3o apenas pelo que ele j\u00e1 conquistou, mas tamb\u00e9m pelo que ainda pode construir.<\/p>\r\n\r\n\r\n\r\n<h2 class=\"wp-block-heading\"><strong>Do bastidor para a cria\u00e7\u00e3o<\/strong><\/h2>\r\n\r\n\r\n\r\n<figure class=\"wp-block-image size-large\"><img decoding=\"async\" width=\"858\" height=\"1024\" class=\"wp-image-43296\" src=\"https:\/\/fyno.pt\/wp-content\/uploads\/2026\/08\/img_0984-858x1024.jpeg\" srcset=\"https:\/\/fyno.pt\/wp-content\/uploads\/2026\/08\/img_0984-858x1024.jpeg 858w, https:\/\/fyno.pt\/wp-content\/uploads\/2026\/08\/img_0984-251x300.jpeg 251w, https:\/\/fyno.pt\/wp-content\/uploads\/2026\/08\/img_0984-768x917.jpeg 768w, https:\/\/fyno.pt\/wp-content\/uploads\/2026\/08\/img_0984-10x12.jpeg 10w, https:\/\/fyno.pt\/wp-content\/uploads\/2026\/08\/img_0984-750x895.jpeg 750w, https:\/\/fyno.pt\/wp-content\/uploads\/2026\/08\/img_0984.jpeg 1125w\" sizes=\"(max-width: 858px) 100vw, 858px\" \/>\r\n<figcaption class=\"wp-element-caption\">Foto Reprodu\u00e7\u00e3o.<\/figcaption>\r\n<\/figure>\r\n\r\n\r\n\r\n<p class=\"p2\">Embora sua atua\u00e7\u00e3o esteja fortemente ligada \u00e0 gest\u00e3o e ao desenvolvimento de artistas, Weverton tamb\u00e9m participa diretamente do processo criativo.<\/p>\r\n\r\n\r\n\r\n<p class=\"p2\">Seu nome aparece nos cr\u00e9ditos de diferentes lan\u00e7amentos musicais. Em <strong>\u201cAgora Eu T\u00f4 Sozinha\u201d<\/strong>, de Raphaela Santos e Ester Moraes, lan\u00e7ada em 2022, ele aparece como compositor.\u00a0<\/p>\r\n\r\n\r\n\r\n<p class=\"p2\">A parceria criativa tamb\u00e9m se estendeu a trabalhos posteriores. Em 2024, Weverton assinou a composi\u00e7\u00e3o de <strong>\u201cCopo de Vinho\u201d<\/strong>, gravada por Raphaela Santos, ao lado de Elvis Pires.\u00a0<\/p>\r\n\r\n\r\n\r\n<p class=\"p2\">No mesmo per\u00edodo, aparece entre os compositores de <strong>\u201cAqui Sem Voc\u00ea\u201d<\/strong>, interpretada por Noara Marques e Raphaela Santos. A faixa foi lan\u00e7ada pela Top Work em mar\u00e7o de 2024.\u00a0<\/p>\r\n\r\n\r\n\r\n<p class=\"p2\">J\u00e1 em 2025, seu nome voltou a aparecer nos cr\u00e9ditos de <strong>\u201cMe Perdi\u201d<\/strong>, interpretada por Noara Marques.\u00a0<\/p>\r\n\r\n\r\n\r\n<p class=\"p2\">A participa\u00e7\u00e3o como compositor revela uma caracter\u00edstica importante de sua trajet\u00f3ria: Weverton n\u00e3o atua somente na administra\u00e7\u00e3o dos projetos. Ele tamb\u00e9m est\u00e1 inserido no processo de cria\u00e7\u00e3o que d\u00e1 origem \u00e0s obras que chegam ao p\u00fablico.<\/p>\r\n\r\n\r\n\r\n<h2 class=\"wp-block-heading\"><strong>Uma vis\u00e3o empresarial para a m\u00fasica<\/strong><\/h2>\r\n\r\n\r\n\r\n<p class=\"p2\">A Top Work se apresenta como uma empresa voltada \u00e0 produ\u00e7\u00e3o musical e audiovisual, com estrutura pr\u00f3pria para o desenvolvimento de projetos. Em seus canais oficiais, a produtora destaca a inten\u00e7\u00e3o de transformar ideias em experi\u00eancias sonoras e visuais, combinando criatividade, produ\u00e7\u00e3o e inova\u00e7\u00e3o.\u00a0<\/p>\r\n\r\n\r\n\r\n<p class=\"p2\">Essa vis\u00e3o ajuda a explicar o espa\u00e7o ocupado por Weverton dentro da empresa. Seu trabalho est\u00e1 associado \u00e0 identifica\u00e7\u00e3o de oportunidades, ao relacionamento com artistas e \u00e0 constru\u00e7\u00e3o de projetos que possam ganhar escala dentro de um mercado cada vez mais competitivo.<\/p>\r\n\r\n\r\n\r\n<p class=\"p2\">A atua\u00e7\u00e3o profissional tamb\u00e9m ultrapassou os limites do est\u00fadio. Em 2025, a Top Work esteve envolvida na apresenta\u00e7\u00e3o de <strong>Noara Marques<\/strong> durante a programa\u00e7\u00e3o do Ver\u00e3o Goiana, em Pernambuco, com Weverton identificado publicamente como empres\u00e1rio da artista.\u00a0<\/p>\r\n\r\n\r\n\r\n<h2 class=\"wp-block-heading\"><strong>Conhecimento compartilhado<\/strong><\/h2>\r\n\r\n\r\n\r\n<p class=\"p2\">O trabalho de Weverton tamb\u00e9m ganhou espa\u00e7o fora dos est\u00fadios e dos palcos.<\/p>\r\n\r\n\r\n\r\n<p class=\"p2\">Ele foi convidado a participar do <strong>Festival Trampos do Futuro<\/strong>, iniciativa que reuniu jovens para discutir trabalho, empreendedorismo e novas possibilidades profissionais. Na programa\u00e7\u00e3o, Weverton foi apresentado como CEO da Top Work e participou das atividades relacionadas ao mercado e \u00e0s oportunidades da economia criativa.\u00a0<\/p>\r\n\r\n\r\n\r\n<p class=\"p2\">A participa\u00e7\u00e3o ajuda a dimensionar uma atua\u00e7\u00e3o que n\u00e3o se limita \u00e0 ind\u00fastria fonogr\u00e1fica. Em um setor marcado pela transforma\u00e7\u00e3o digital e pelo surgimento constante de novos formatos de consumo, discutir profissionaliza\u00e7\u00e3o e oportunidades passou a ser parte importante do pr\u00f3prio mercado.<\/p>\r\n\r\n\r\n\r\n<h2 class=\"wp-block-heading\"><strong>O desafio de descobrir quem ainda n\u00e3o foi descoberto<\/strong><\/h2>\r\n\r\n\r\n\r\n<p class=\"p2\">Talvez a principal caracter\u00edstica da Top Work esteja justamente na aposta em nomes que ainda est\u00e3o construindo seu espa\u00e7o.<\/p>\r\n\r\n\r\n\r\n<p class=\"p2\">Em vez de concentrar sua atua\u00e7\u00e3o apenas em artistas j\u00e1 consolidados, a empresa nasceu com a proposta de encontrar potencial e trabalhar para que ele pudesse se transformar em reconhecimento.<\/p>\r\n\r\n\r\n\r\n<p class=\"p2\">\u00c9 uma tarefa que exige paci\u00eancia. Na m\u00fasica, uma boa can\u00e7\u00e3o pode abrir uma porta, mas dificilmente sustenta sozinha uma carreira. \u00c9 preciso estrat\u00e9gia, repert\u00f3rio, produ\u00e7\u00e3o, identidade, posicionamento e, sobretudo, capacidade de entender o p\u00fablico.<\/p>\r\n\r\n\r\n\r\n<p class=\"p2\">\u00c9 nesse intervalo entre o talento e o reconhecimento que Weverton Alves escolheu trabalhar.<\/p>\r\n\r\n\r\n\r\n<p class=\"p2\">Sua trajet\u00f3ria \u00e0 frente da Top Work mostra um profissional que transita entre <strong>gest\u00e3o, produ\u00e7\u00e3o e composi\u00e7\u00e3o<\/strong>, tr\u00eas \u00e1reas que, quando trabalham juntas, podem mudar a trajet\u00f3ria de um artista.<\/p>\r\n\r\n\r\n\r\n<h2 class=\"wp-block-heading\"><strong>Uma nova gera\u00e7\u00e3o de hist\u00f3rias<\/strong><\/h2>\r\n\r\n\r\n\r\n<p class=\"p2\">A Top Work nasceu de uma experi\u00eancia pessoal na m\u00fasica, mas ganhou uma dimens\u00e3o maior ao transformar essa experi\u00eancia em oportunidade para outras pessoas.<\/p>\r\n\r\n\r\n\r\n<p class=\"p2\">Ao lado de artistas e profissionais do setor, Weverton vem construindo uma atua\u00e7\u00e3o baseada na ideia de que o mercado musical tamb\u00e9m pode ser uma ind\u00fastria de desenvolvimento de talentos e que os bastidores t\u00eam papel t\u00e3o importante quanto os holofotes.<\/p>\r\n\r\n\r\n\r\n<p class=\"p2\">Em um momento em que novos artistas surgem diariamente e disputam espa\u00e7o em plataformas digitais, redes sociais, r\u00e1dios e palcos, a capacidade de identificar uma voz antes que ela seja conhecida pode valer tanto quanto a pr\u00f3pria m\u00fasica.<\/p>\r\n\r\n\r\n\r\n<p class=\"p4\"><strong>\u00c9 justamente nessa aposta que Weverton Alves e a Top Work encontram seu espa\u00e7o: transformar potencial em projeto e projeto em trajet\u00f3ria.<\/strong><\/p>\r\n\r\n\r\n\r\n<p class=\"p5\">E, se a hist\u00f3ria da empresa come\u00e7ou com o sonho de dois profissionais da m\u00fasica, o pr\u00f3ximo cap\u00edtulo parece seguir uma l\u00f3gica simples: <strong>quanto mais talentos encontrarem espa\u00e7o para crescer, maior ser\u00e1 a hist\u00f3ria que a Top Work ainda ter\u00e1 para contar.<\/strong><\/p>","protected":false},"excerpt":{"rendered":"<p>\u00c0 frente da Top Work, empres\u00e1rio, produtor e compositor constr\u00f3i trajet\u00f3ria nos bastidores do mercado musical e aposta em novos nomes para ampliar o alcance da m\u00fasica brasileira No palco, o p\u00fablico costuma enxergar o artista. Nos bastidores, por\u00e9m, existe uma engrenagem formada por profissionais respons\u00e1veis por transformar talento em projeto, m\u00fasica em produto e [&hellip;]<\/p>\n","protected":false},"author":9,"featured_media":43294,"comment_status":"closed","ping_status":"open","sticky":false,"template":"","format":"standard","meta":{"footnotes":""},"categories":[562],"tags":[797,878,1622,658,763,572,1627,1119,793,733,1159,742,1564,1626,1628],"class_list":["post-43297","post","type-post","status-publish","format-standard","has-post-thumbnail","hentry","category-musica","tag-artistas-brasileiros-2","tag-carreira-artistica","tag-compositor","tag-empreendedorismo","tag-empresario-artistico","tag-entretenimento","tag-gestao-de-artistas","tag-industria-da-musica","tag-mercado-musical","tag-musica-brasileira","tag-producao-audiovisual","tag-producao-musical","tag-produtor-musical","tag-raphaela-santos","tag-weverton-alves"],"yoast_head":"<!-- This site is optimized with the Yoast SEO Premium plugin v27.9 (Yoast SEO v27.9) - https:\/\/yoast.com\/product\/yoast-seo-premium-wordpress\/ -->\n<title>Weverton Alves aposta na for\u00e7a da m\u00fasica para transformar talentos em carreiras - Fyno<\/title>\n<meta name=\"robots\" content=\"index, follow, max-snippet:-1, max-image-preview:large, max-video-preview:-1\" \/>\n<link rel=\"canonical\" href=\"https:\/\/fyno.pt\/pt\/musica\/weverton-alves-aposta-na-forca-da-musica-para-transformar-talentos-em-carreiras\/\" \/>\n<meta property=\"og:locale\" content=\"pt_PT\" \/>\n<meta property=\"og:type\" content=\"article\" \/>\n<meta property=\"og:title\" content=\"Weverton Alves aposta na for\u00e7a da m\u00fasica para transformar talentos em carreiras\" \/>\n<meta property=\"og:description\" content=\"\u00c0 frente da Top Work, empres\u00e1rio, produtor e compositor constr\u00f3i trajet\u00f3ria nos bastidores do mercado musical e aposta em novos nomes para ampliar o alcance da m\u00fasica brasileira No palco, o p\u00fablico costuma enxergar o artista. Nos bastidores, por\u00e9m, existe uma engrenagem formada por profissionais respons\u00e1veis por transformar talento em projeto, m\u00fasica em produto e [&hellip;]\" \/>\n<meta property=\"og:url\" content=\"https:\/\/fyno.pt\/pt\/musica\/weverton-alves-aposta-na-forca-da-musica-para-transformar-talentos-em-carreiras\/\" \/>\n<meta property=\"og:site_name\" content=\"Fyno\" \/>\n<meta property=\"article:published_time\" content=\"2026-08-29T16:21:57+00:00\" \/>\n<meta property=\"article:modified_time\" content=\"2026-08-29T16:24:35+00:00\" \/>\n<meta property=\"og:image\" content=\"https:\/\/fyno.pt\/wp-content\/uploads\/2026\/08\/img_0987.jpeg\" \/>\n\t<meta property=\"og:image:width\" content=\"1125\" \/>\n\t<meta property=\"og:image:height\" content=\"696\" \/>\n\t<meta property=\"og:image:type\" content=\"image\/jpeg\" \/>\n<meta name=\"author\" content=\"Fyno\" \/>\n<meta name=\"twitter:card\" content=\"summary_large_image\" \/>\n<meta name=\"twitter:label1\" content=\"Escrito por\" \/>\n\t<meta name=\"twitter:data1\" content=\"Fyno\" \/>\n\t<meta name=\"twitter:label2\" content=\"Tempo estimado de leitura\" \/>\n\t<meta name=\"twitter:data2\" content=\"6 minutos\" \/>\n<script type=\"application\/ld+json\" class=\"yoast-schema-graph\">{\"@context\":\"https:\\\/\\\/schema.org\",\"@graph\":[{\"@type\":\"Article\",\"@id\":\"https:\\\/\\\/fyno.pt\\\/musica\\\/weverton-alves-aposta-na-forca-da-musica-para-transformar-talentos-em-carreiras\\\/#article\",\"isPartOf\":{\"@id\":\"https:\\\/\\\/fyno.pt\\\/musica\\\/weverton-alves-aposta-na-forca-da-musica-para-transformar-talentos-em-carreiras\\\/\"},\"author\":{\"name\":\"Fyno\",\"@id\":\"https:\\\/\\\/fyno.pt\\\/#\\\/schema\\\/person\\\/ab5b330ed5ed05f1b4a7b8e438f68187\"},\"headline\":\"Weverton Alves aposta na for\u00e7a da m\u00fasica para transformar talentos em carreiras\",\"datePublished\":\"2026-08-29T16:21:57+00:00\",\"dateModified\":\"2026-08-29T16:24:35+00:00\",\"mainEntityOfPage\":{\"@id\":\"https:\\\/\\\/fyno.pt\\\/musica\\\/weverton-alves-aposta-na-forca-da-musica-para-transformar-talentos-em-carreiras\\\/\"},\"wordCount\":1043,\"image\":{\"@id\":\"https:\\\/\\\/fyno.pt\\\/musica\\\/weverton-alves-aposta-na-forca-da-musica-para-transformar-talentos-em-carreiras\\\/#primaryimage\"},\"thumbnailUrl\":\"https:\\\/\\\/fyno.pt\\\/wp-content\\\/uploads\\\/2026\\\/08\\\/img_0987.jpeg\",\"keywords\":[\"artistas brasileiros\",\"carreira art\u00edstica\",\"compositor\",\"empreendedorismo\",\"empres\u00e1rio art\u00edstico\",\"Entretenimento\",\"gest\u00e3o de artistas\",\"ind\u00fastria da m\u00fasica\",\"mercado musical\",\"M\u00fasica Brasileira\",\"produ\u00e7\u00e3o audiovisual\",\"produ\u00e7\u00e3o musical\",\"produtor musical\",\"Raphaela Santos\",\"Weverton Alves\"],\"articleSection\":[\"M\u00fasica\"],\"inLanguage\":\"pt-PT\"},{\"@type\":\"WebPage\",\"@id\":\"https:\\\/\\\/fyno.pt\\\/musica\\\/weverton-alves-aposta-na-forca-da-musica-para-transformar-talentos-em-carreiras\\\/\",\"url\":\"https:\\\/\\\/fyno.pt\\\/musica\\\/weverton-alves-aposta-na-forca-da-musica-para-transformar-talentos-em-carreiras\\\/\",\"name\":\"Weverton Alves aposta na for\u00e7a da m\u00fasica para transformar talentos em carreiras - Fyno\",\"isPartOf\":{\"@id\":\"https:\\\/\\\/fyno.pt\\\/#website\"},\"primaryImageOfPage\":{\"@id\":\"https:\\\/\\\/fyno.pt\\\/musica\\\/weverton-alves-aposta-na-forca-da-musica-para-transformar-talentos-em-carreiras\\\/#primaryimage\"},\"image\":{\"@id\":\"https:\\\/\\\/fyno.pt\\\/musica\\\/weverton-alves-aposta-na-forca-da-musica-para-transformar-talentos-em-carreiras\\\/#primaryimage\"},\"thumbnailUrl\":\"https:\\\/\\\/fyno.pt\\\/wp-content\\\/uploads\\\/2026\\\/08\\\/img_0987.jpeg\",\"datePublished\":\"2026-08-29T16:21:57+00:00\",\"dateModified\":\"2026-08-29T16:24:35+00:00\",\"author\":{\"@id\":\"https:\\\/\\\/fyno.pt\\\/#\\\/schema\\\/person\\\/ab5b330ed5ed05f1b4a7b8e438f68187\"},\"breadcrumb\":{\"@id\":\"https:\\\/\\\/fyno.pt\\\/musica\\\/weverton-alves-aposta-na-forca-da-musica-para-transformar-talentos-em-carreiras\\\/#breadcrumb\"},\"inLanguage\":\"pt-PT\",\"potentialAction\":[{\"@type\":\"ReadAction\",\"target\":[\"https:\\\/\\\/fyno.pt\\\/musica\\\/weverton-alves-aposta-na-forca-da-musica-para-transformar-talentos-em-carreiras\\\/\"]}]},{\"@type\":\"ImageObject\",\"inLanguage\":\"pt-PT\",\"@id\":\"https:\\\/\\\/fyno.pt\\\/musica\\\/weverton-alves-aposta-na-forca-da-musica-para-transformar-talentos-em-carreiras\\\/#primaryimage\",\"url\":\"https:\\\/\\\/fyno.pt\\\/wp-content\\\/uploads\\\/2026\\\/08\\\/img_0987.jpeg\",\"contentUrl\":\"https:\\\/\\\/fyno.pt\\\/wp-content\\\/uploads\\\/2026\\\/08\\\/img_0987.jpeg\",\"width\":1125,\"height\":696,\"caption\":\"Empres\u00e1rio, produtor e compositor, Weverton\"},{\"@type\":\"BreadcrumbList\",\"@id\":\"https:\\\/\\\/fyno.pt\\\/musica\\\/weverton-alves-aposta-na-forca-da-musica-para-transformar-talentos-em-carreiras\\\/#breadcrumb\",\"itemListElement\":[{\"@type\":\"ListItem\",\"position\":1,\"name\":\"In\u00edcio\",\"item\":\"https:\\\/\\\/fyno.pt\\\/\"},{\"@type\":\"ListItem\",\"position\":2,\"name\":\"Weverton Alves aposta na for\u00e7a da m\u00fasica para transformar talentos em carreiras\"}]},{\"@type\":\"WebSite\",\"@id\":\"https:\\\/\\\/fyno.pt\\\/#website\",\"url\":\"https:\\\/\\\/fyno.pt\\\/\",\"name\":\"Fyno\",\"description\":\"Not\u00edcia e informa\u00e7\u00e3o\",\"potentialAction\":[{\"@type\":\"SearchAction\",\"target\":{\"@type\":\"EntryPoint\",\"urlTemplate\":\"https:\\\/\\\/fyno.pt\\\/?s={search_term_string}\"},\"query-input\":{\"@type\":\"PropertyValueSpecification\",\"valueRequired\":true,\"valueName\":\"search_term_string\"}}],\"inLanguage\":\"pt-PT\"},{\"@type\":\"Person\",\"@id\":\"https:\\\/\\\/fyno.pt\\\/#\\\/schema\\\/person\\\/ab5b330ed5ed05f1b4a7b8e438f68187\",\"name\":\"Fyno\",\"image\":{\"@type\":\"ImageObject\",\"inLanguage\":\"pt-PT\",\"@id\":\"https:\\\/\\\/fyno.pt\\\/wp-content\\\/litespeed\\\/avatar\\\/8f51870e8d94c234e288da840d914372.jpg?ver=1788205134\",\"url\":\"https:\\\/\\\/fyno.pt\\\/wp-content\\\/litespeed\\\/avatar\\\/8f51870e8d94c234e288da840d914372.jpg?ver=1788205134\",\"contentUrl\":\"https:\\\/\\\/fyno.pt\\\/wp-content\\\/litespeed\\\/avatar\\\/8f51870e8d94c234e288da840d914372.jpg?ver=1788205134\",\"caption\":\"Fyno\"},\"description\":\"A sua fonte de informa\u00e7\u00e3o.\",\"url\":\"https:\\\/\\\/fyno.pt\\\/pt\\\/author\\\/fynopt\\\/\"}]}<\/script>\n<!-- \/ Yoast SEO Premium plugin. -->","yoast_head_json":{"title":"Weverton Alves aposta na for\u00e7a da m\u00fasica para transformar talentos em carreiras - Fyno","robots":{"index":"index","follow":"follow","max-snippet":"max-snippet:-1","max-image-preview":"max-image-preview:large","max-video-preview":"max-video-preview:-1"},"canonical":"https:\/\/fyno.pt\/pt\/musica\/weverton-alves-aposta-na-forca-da-musica-para-transformar-talentos-em-carreiras\/","og_locale":"pt_PT","og_type":"article","og_title":"Weverton Alves aposta na for\u00e7a da m\u00fasica para transformar talentos em carreiras","og_description":"\u00c0 frente da Top Work, empres\u00e1rio, produtor e compositor constr\u00f3i trajet\u00f3ria nos bastidores do mercado musical e aposta em novos nomes para ampliar o alcance da m\u00fasica brasileira No palco, o p\u00fablico costuma enxergar o artista. Nos bastidores, por\u00e9m, existe uma engrenagem formada por profissionais respons\u00e1veis por transformar talento em projeto, m\u00fasica em produto e [&hellip;]","og_url":"https:\/\/fyno.pt\/pt\/musica\/weverton-alves-aposta-na-forca-da-musica-para-transformar-talentos-em-carreiras\/","og_site_name":"Fyno","article_published_time":"2026-08-29T16:21:57+00:00","article_modified_time":"2026-08-29T16:24:35+00:00","og_image":[{"width":1125,"height":696,"url":"https:\/\/fyno.pt\/wp-content\/uploads\/2026\/08\/img_0987.jpeg","type":"image\/jpeg"}],"author":"Fyno","twitter_card":"summary_large_image","twitter_misc":{"Escrito por":"Fyno","Tempo estimado de leitura":"6 minutos"},"schema":{"@context":"https:\/\/schema.org","@graph":[{"@type":"Article","@id":"https:\/\/fyno.pt\/musica\/weverton-alves-aposta-na-forca-da-musica-para-transformar-talentos-em-carreiras\/#article","isPartOf":{"@id":"https:\/\/fyno.pt\/musica\/weverton-alves-aposta-na-forca-da-musica-para-transformar-talentos-em-carreiras\/"},"author":{"name":"Fyno","@id":"https:\/\/fyno.pt\/#\/schema\/person\/ab5b330ed5ed05f1b4a7b8e438f68187"},"headline":"Weverton Alves aposta na for\u00e7a da m\u00fasica para transformar talentos em carreiras","datePublished":"2026-08-29T16:21:57+00:00","dateModified":"2026-08-29T16:24:35+00:00","mainEntityOfPage":{"@id":"https:\/\/fyno.pt\/musica\/weverton-alves-aposta-na-forca-da-musica-para-transformar-talentos-em-carreiras\/"},"wordCount":1043,"image":{"@id":"https:\/\/fyno.pt\/musica\/weverton-alves-aposta-na-forca-da-musica-para-transformar-talentos-em-carreiras\/#primaryimage"},"thumbnailUrl":"https:\/\/fyno.pt\/wp-content\/uploads\/2026\/08\/img_0987.jpeg","keywords":["artistas brasileiros","carreira art\u00edstica","compositor","empreendedorismo","empres\u00e1rio art\u00edstico","Entretenimento","gest\u00e3o de artistas","ind\u00fastria da m\u00fasica","mercado musical","M\u00fasica Brasileira","produ\u00e7\u00e3o audiovisual","produ\u00e7\u00e3o musical","produtor musical","Raphaela Santos","Weverton Alves"],"articleSection":["M\u00fasica"],"inLanguage":"pt-PT"},{"@type":"WebPage","@id":"https:\/\/fyno.pt\/musica\/weverton-alves-aposta-na-forca-da-musica-para-transformar-talentos-em-carreiras\/","url":"https:\/\/fyno.pt\/musica\/weverton-alves-aposta-na-forca-da-musica-para-transformar-talentos-em-carreiras\/","name":"Weverton Alves aposta na for\u00e7a da m\u00fasica para transformar talentos em carreiras - Fyno","isPartOf":{"@id":"https:\/\/fyno.pt\/#website"},"primaryImageOfPage":{"@id":"https:\/\/fyno.pt\/musica\/weverton-alves-aposta-na-forca-da-musica-para-transformar-talentos-em-carreiras\/#primaryimage"},"image":{"@id":"https:\/\/fyno.pt\/musica\/weverton-alves-aposta-na-forca-da-musica-para-transformar-talentos-em-carreiras\/#primaryimage"},"thumbnailUrl":"https:\/\/fyno.pt\/wp-content\/uploads\/2026\/08\/img_0987.jpeg","datePublished":"2026-08-29T16:21:57+00:00","dateModified":"2026-08-29T16:24:35+00:00","author":{"@id":"https:\/\/fyno.pt\/#\/schema\/person\/ab5b330ed5ed05f1b4a7b8e438f68187"},"breadcrumb":{"@id":"https:\/\/fyno.pt\/musica\/weverton-alves-aposta-na-forca-da-musica-para-transformar-talentos-em-carreiras\/#breadcrumb"},"inLanguage":"pt-PT","potentialAction":[{"@type":"ReadAction","target":["https:\/\/fyno.pt\/musica\/weverton-alves-aposta-na-forca-da-musica-para-transformar-talentos-em-carreiras\/"]}]},{"@type":"ImageObject","inLanguage":"pt-PT","@id":"https:\/\/fyno.pt\/musica\/weverton-alves-aposta-na-forca-da-musica-para-transformar-talentos-em-carreiras\/#primaryimage","url":"https:\/\/fyno.pt\/wp-content\/uploads\/2026\/08\/img_0987.jpeg","contentUrl":"https:\/\/fyno.pt\/wp-content\/uploads\/2026\/08\/img_0987.jpeg","width":1125,"height":696,"caption":"Empres\u00e1rio, produtor e compositor, Weverton"},{"@type":"BreadcrumbList","@id":"https:\/\/fyno.pt\/musica\/weverton-alves-aposta-na-forca-da-musica-para-transformar-talentos-em-carreiras\/#breadcrumb","itemListElement":[{"@type":"ListItem","position":1,"name":"In\u00edcio","item":"https:\/\/fyno.pt\/"},{"@type":"ListItem","position":2,"name":"Weverton Alves aposta na for\u00e7a da m\u00fasica para transformar talentos em carreiras"}]},{"@type":"WebSite","@id":"https:\/\/fyno.pt\/#website","url":"https:\/\/fyno.pt\/","name":"Fyno","description":"Not\u00edcia e informa\u00e7\u00e3o","potentialAction":[{"@type":"SearchAction","target":{"@type":"EntryPoint","urlTemplate":"https:\/\/fyno.pt\/?s={search_term_string}"},"query-input":{"@type":"PropertyValueSpecification","valueRequired":true,"valueName":"search_term_string"}}],"inLanguage":"pt-PT"},{"@type":"Person","@id":"https:\/\/fyno.pt\/#\/schema\/person\/ab5b330ed5ed05f1b4a7b8e438f68187","name":"Fyno","image":{"@type":"ImageObject","inLanguage":"pt-PT","@id":"https:\/\/fyno.pt\/wp-content\/litespeed\/avatar\/8f51870e8d94c234e288da840d914372.jpg?ver=1788205134","url":"https:\/\/fyno.pt\/wp-content\/litespeed\/avatar\/8f51870e8d94c234e288da840d914372.jpg?ver=1788205134","contentUrl":"https:\/\/fyno.pt\/wp-content\/litespeed\/avatar\/8f51870e8d94c234e288da840d914372.jpg?ver=1788205134","caption":"Fyno"},"description":"A sua fonte de informa\u00e7\u00e3o.","url":"https:\/\/fyno.pt\/pt\/author\/fynopt\/"}]}},"_links":{"self":[{"href":"https:\/\/fyno.pt\/pt\/wp-json\/wp\/v2\/posts\/43297","targetHints":{"allow":["GET"]}}],"collection":[{"href":"https:\/\/fyno.pt\/pt\/wp-json\/wp\/v2\/posts"}],"about":[{"href":"https:\/\/fyno.pt\/pt\/wp-json\/wp\/v2\/types\/post"}],"author":[{"embeddable":true,"href":"https:\/\/fyno.pt\/pt\/wp-json\/wp\/v2\/users\/9"}],"replies":[{"embeddable":true,"href":"https:\/\/fyno.pt\/pt\/wp-json\/wp\/v2\/comments?post=43297"}],"version-history":[{"count":2,"href":"https:\/\/fyno.pt\/pt\/wp-json\/wp\/v2\/posts\/43297\/revisions"}],"predecessor-version":[{"id":43299,"href":"https:\/\/fyno.pt\/pt\/wp-json\/wp\/v2\/posts\/43297\/revisions\/43299"}],"wp:featuredmedia":[{"embeddable":true,"href":"https:\/\/fyno.pt\/pt\/wp-json\/wp\/v2\/media\/43294"}],"wp:attachment":[{"href":"https:\/\/fyno.pt\/pt\/wp-json\/wp\/v2\/media?parent=43297"}],"wp:term":[{"taxonomy":"category","embeddable":true,"href":"https:\/\/fyno.pt\/pt\/wp-json\/wp\/v2\/categories?post=43297"},{"taxonomy":"post_tag","embeddable":true,"href":"https:\/\/fyno.pt\/pt\/wp-json\/wp\/v2\/tags?post=43297"}],"curies":[{"name":"wp","href":"https:\/\/api.w.org\/{rel}","templated":true}]}}