{"id":43290,"date":"2026-08-28T09:19:34","date_gmt":"2026-08-28T12:19:34","guid":{"rendered":"https:\/\/fyno.pt\/?p=43290"},"modified":"2026-08-28T09:19:34","modified_gmt":"2026-08-28T12:19:34","slug":"renato-vicente-ferreira-amplia-atuacao-na-odontologia-ao-unir-implantodontia-pesquisa-e-formacao-profissional","status":"publish","type":"post","link":"https:\/\/fyno.pt\/pt\/saude\/renato-vicente-ferreira-amplia-atuacao-na-odontologia-ao-unir-implantodontia-pesquisa-e-formacao-profissional\/","title":{"rendered":"Renato Vicente Ferreira amplia atua\u00e7\u00e3o na odontologia ao unir implantodontia, pesquisa e forma\u00e7\u00e3o profissional"},"content":{"rendered":"<p class=\"p2\"><strong><em>Com mais de tr\u00eas d\u00e9cadas de carreira, cirurgi\u00e3o-dentista se tornou refer\u00eancia na capacita\u00e7\u00e3o de profissionais e mant\u00e9m atua\u00e7\u00e3o voltada \u00e0 implantodontia, reabilita\u00e7\u00e3o oral e inova\u00e7\u00e3o no ensino odontol\u00f3gico<\/em><\/strong><\/p>\n\n\n\n<p class=\"p3\">A experi\u00eancia acumulada ao longo de mais de tr\u00eas d\u00e9cadas na odontologia levou <strong>Renato Vicente Ferreira<\/strong> a construir uma trajet\u00f3ria que vai al\u00e9m da pr\u00e1tica cl\u00ednica. Cirurgi\u00e3o-dentista formado pela Universidade Federal de Uberl\u00e2ndia, o profissional consolidou sua atua\u00e7\u00e3o em implantodontia e reabilita\u00e7\u00e3o oral e, paralelamente, passou a investir na forma\u00e7\u00e3o de outros dentistas.&nbsp;<\/p>\n\n\n\n<p class=\"p3\">Sua carreira come\u00e7ou ainda no in\u00edcio dos anos 1990 e foi acompanhada por uma sequ\u00eancia de especializa\u00e7\u00f5es, aperfei\u00e7oamentos e estudos em diferentes \u00e1reas. Entre eles est\u00e3o forma\u00e7\u00f5es relacionadas \u00e0 pr\u00f3tese dent\u00e1ria, implantes osseointegrados, odontologia digital, sa\u00fade do idoso e seda\u00e7\u00e3o consciente. Tamb\u00e9m realizou forma\u00e7\u00e3o em cirurgias avan\u00e7adas de implantodontia pela Fundecto\/USP e em pr\u00f3teses sobre implantes pela Unesp de Araraquara.&nbsp;<\/p>\n\n\n\n<p class=\"p3\">Mas foi a aproxima\u00e7\u00e3o entre odontologia e pesquisa cient\u00edfica que acrescentou uma dimens\u00e3o particular ao seu percurso.<\/p>\n\n\n\n<h2 class=\"wp-block-heading\"><strong>Pesquisa aproximou odontologia e sa\u00fade \u00f3ssea<\/strong><\/h2>\n\n\n\n<p class=\"p3\">Na Universidade Federal de S\u00e3o Paulo (Unifesp), Renato desenvolveu pesquisa sobre o conhecimento dos cirurgi\u00f5es-dentistas a respeito da osteoporose e a capacidade de identifica\u00e7\u00e3o da doen\u00e7a a partir de radiografias panor\u00e2micas.<\/p>\n\n\n\n<p class=\"p3\">O estudo, desenvolvido na \u00e1rea de Reumatologia, foi publicado em 2021 na revista cient\u00edfica <em>Advances in Rheumatology<\/em>, tendo Renato Vicente Ferreira como um dos autores. A pesquisa analisou justamente a rela\u00e7\u00e3o entre o conhecimento odontol\u00f3gico e a identifica\u00e7\u00e3o de sinais associados \u00e0 osteoporose por meio de exames utilizados na rotina odontol\u00f3gica.&nbsp;<\/p>\n\n\n\n<p class=\"p3\">A produ\u00e7\u00e3o cient\u00edfica ajudou a refor\u00e7ar uma caracter\u00edstica presente em sua carreira: a busca por uma odontologia que considere o paciente de maneira mais ampla, associando conhecimento cl\u00ednico, diagn\u00f3stico e atualiza\u00e7\u00e3o cient\u00edfica.<\/p>\n\n\n\n<h2 class=\"wp-block-heading\"><strong>Da experi\u00eancia cl\u00ednica para a forma\u00e7\u00e3o de novos profissionais<\/strong><\/h2>\n\n\n\n<p class=\"p3\">Foi tamb\u00e9m a partir da experi\u00eancia acumulada em consult\u00f3rio que Renato passou a desenvolver uma atua\u00e7\u00e3o mais intensa no ensino.<\/p>\n\n\n\n<p class=\"p3\">\u00c0 frente da <strong>CI Treinamentos em Odontologia<\/strong>, o profissional trabalha com capacita\u00e7\u00e3o de cirurgi\u00f5es-dentistas em \u00e1reas relacionadas principalmente \u00e0 implantodontia, pr\u00f3tese e reabilita\u00e7\u00e3o oral. A institui\u00e7\u00e3o mant\u00e9m cursos presenciais e modalidades de ensino a dist\u00e2ncia e apresenta entre suas propostas um m\u00e9todo de <em>hands on<\/em> a dist\u00e2ncia voltado ao treinamento em implantes e pr\u00f3teses sobre implantes.&nbsp;<\/p>\n\n\n\n<p class=\"p3\">A iniciativa tamb\u00e9m ganhou espa\u00e7o no ambiente digital. A CI Treinamentos possui uma plataforma pr\u00f3pria e aplicativo dedicado \u00e0 educa\u00e7\u00e3o odontol\u00f3gica, reunindo cursos e conte\u00fados sobre implantodontia, pr\u00f3teses, controle do medo e da ansiedade e outras \u00e1reas da pr\u00e1tica cl\u00ednica.&nbsp;<\/p>\n\n\n\n<p class=\"p3\">A proposta acompanha uma transforma\u00e7\u00e3o pela qual passa o ensino especializado: a experi\u00eancia de profissionais que atuam h\u00e1 d\u00e9cadas na \u00e1rea passa a ser organizada em m\u00e9todos de capacita\u00e7\u00e3o capazes de alcan\u00e7ar dentistas de diferentes regi\u00f5es.<\/p>\n\n\n\n<h2 class=\"wp-block-heading\"><strong>Implantodontia como principal eixo<\/strong><\/h2>\n\n\n\n<figure class=\"wp-block-image size-large\"><img fetchpriority=\"high\" decoding=\"async\" width=\"1024\" height=\"960\" src=\"https:\/\/fyno.pt\/wp-content\/uploads\/2026\/08\/img_0895-1024x960.jpeg\" class=\"wp-image-43288\" srcset=\"https:\/\/fyno.pt\/wp-content\/uploads\/2026\/08\/img_0895-1024x960.jpeg 1024w, https:\/\/fyno.pt\/wp-content\/uploads\/2026\/08\/img_0895-300x281.jpeg 300w, https:\/\/fyno.pt\/wp-content\/uploads\/2026\/08\/img_0895-768x720.jpeg 768w, https:\/\/fyno.pt\/wp-content\/uploads\/2026\/08\/img_0895-13x12.jpeg 13w, https:\/\/fyno.pt\/wp-content\/uploads\/2026\/08\/img_0895-750x703.jpeg 750w, https:\/\/fyno.pt\/wp-content\/uploads\/2026\/08\/img_0895.jpeg 1125w\" sizes=\"(max-width: 1024px) 100vw, 1024px\" \/><\/figure>\n\n\n\n<p class=\"p3\">\u00c9 na implantodontia que se concentra uma das principais marcas da carreira de Renato.<\/p>\n\n\n\n<p class=\"p3\">A estrutura profissional ligada ao dentista destaca sua experi\u00eancia com implantes osseointegrados, cirurgias avan\u00e7adas e reabilita\u00e7\u00e3o oral. O trabalho tamb\u00e9m envolve a forma\u00e7\u00e3o de profissionais que desejam iniciar ou aperfei\u00e7oar sua atua\u00e7\u00e3o nesse segmento.&nbsp;<\/p>\n\n\n\n<p class=\"p3\">Na comunica\u00e7\u00e3o da CI Treinamentos, a forma\u00e7\u00e3o \u00e9 apresentada de maneira progressiva, atendendo desde profissionais que est\u00e3o come\u00e7ando na \u00e1rea at\u00e9 aqueles que buscam aperfei\u00e7oamento t\u00e9cnico. A empresa descreve suas mentorias como uma jornada que parte dos fundamentos da implantodontia e avan\u00e7a para procedimentos mais complexos.&nbsp;<\/p>\n\n\n\n<p class=\"p3\">Outro campo presente em sua atua\u00e7\u00e3o \u00e9 a seda\u00e7\u00e3o consciente. Renato possui habilita\u00e7\u00e3o relacionada \u00e0 analgesia e seda\u00e7\u00e3o consciente com \u00f3xido nitroso e tamb\u00e9m desenvolve conte\u00fados educacionais sobre seda\u00e7\u00e3o e analgesia multimodal em odontologia.&nbsp;<\/p>\n\n\n\n<h2 class=\"wp-block-heading\"><strong>Uma carreira marcada pela educa\u00e7\u00e3o continuada<\/strong><\/h2>\n\n\n\n<p class=\"p3\">Ao observar a trajet\u00f3ria de Renato Vicente Ferreira, um dos aspectos que mais se sobressai \u00e9 a perman\u00eancia da educa\u00e7\u00e3o como parte de sua atividade profissional.<\/p>\n\n\n\n<p class=\"p3\">Da gradua\u00e7\u00e3o em Odontologia \u00e0 p\u00f3s-gradua\u00e7\u00e3o, passando por cursos de atualiza\u00e7\u00e3o e pela produ\u00e7\u00e3o cient\u00edfica, sua carreira foi constru\u00edda sobre a ideia de que a forma\u00e7\u00e3o n\u00e3o termina com o diploma. Hoje, essa mesma perspectiva aparece no trabalho desenvolvido junto a outros profissionais.<\/p>\n\n\n\n<p class=\"p3\">O resultado \u00e9 uma atua\u00e7\u00e3o que combina tr\u00eas frentes: <strong>a experi\u00eancia cl\u00ednica, a produ\u00e7\u00e3o e atualiza\u00e7\u00e3o do conhecimento e a forma\u00e7\u00e3o de novos cirurgi\u00f5es-dentistas<\/strong>.<\/p>\n\n\n\n<p class=\"p3\">Em um setor no qual novas tecnologias, materiais e t\u00e9cnicas modificam constantemente a rotina dos consult\u00f3rios, profissionais com longa experi\u00eancia passam a ocupar tamb\u00e9m um papel estrat\u00e9gico na transmiss\u00e3o desse conhecimento.<\/p>\n\n\n\n<p class=\"p3\">\u00c9 nesse espa\u00e7o que Renato Vicente Ferreira vem consolidando seu trabalho: entre o consult\u00f3rio, a pesquisa e a sala de aula, transformando anos de experi\u00eancia em conte\u00fado e treinamento para uma nova gera\u00e7\u00e3o de profissionais da odontologia.<\/p>\n\n\n\n<p class=\"p4\"><strong>Com uma trajet\u00f3ria constru\u00edda ao longo de mais de 30 anos, Renato segue ampliando sua atua\u00e7\u00e3o e fortalecendo a proposta de aproximar conhecimento cient\u00edfico, pr\u00e1tica cl\u00ednica e educa\u00e7\u00e3o continuada dentro da implantodontia brasileira.<\/strong>&nbsp;<\/p>","protected":false},"excerpt":{"rendered":"<p>Com mais de tr\u00eas d\u00e9cadas de carreira, cirurgi\u00e3o-dentista se tornou refer\u00eancia na capacita\u00e7\u00e3o de profissionais e mant\u00e9m atua\u00e7\u00e3o voltada \u00e0 implantodontia, reabilita\u00e7\u00e3o oral e inova\u00e7\u00e3o no ensino odontol\u00f3gico A experi\u00eancia acumulada ao longo de mais de tr\u00eas d\u00e9cadas na odontologia levou Renato Vicente Ferreira a construir uma trajet\u00f3ria que vai al\u00e9m da pr\u00e1tica cl\u00ednica. Cirurgi\u00e3o-dentista [&hellip;]<\/p>\n","protected":false},"author":9,"featured_media":43289,"comment_status":"closed","ping_status":"open","sticky":false,"template":"","format":"standard","meta":{"footnotes":""},"categories":[1434],"tags":[],"class_list":["post-43290","post","type-post","status-publish","format-standard","has-post-thumbnail","hentry","category-saude"],"yoast_head":"<!-- This site is optimized with the Yoast SEO Premium plugin v27.9 (Yoast SEO v27.9) - https:\/\/yoast.com\/product\/yoast-seo-premium-wordpress\/ -->\n<title>Renato Vicente Ferreira amplia atua\u00e7\u00e3o na odontologia ao unir implantodontia, pesquisa e forma\u00e7\u00e3o profissional - Fyno<\/title>\n<meta name=\"robots\" content=\"index, follow, max-snippet:-1, max-image-preview:large, max-video-preview:-1\" \/>\n<link rel=\"canonical\" href=\"https:\/\/fyno.pt\/pt\/saude\/renato-vicente-ferreira-amplia-atuacao-na-odontologia-ao-unir-implantodontia-pesquisa-e-formacao-profissional\/\" \/>\n<meta property=\"og:locale\" content=\"pt_PT\" \/>\n<meta property=\"og:type\" content=\"article\" \/>\n<meta property=\"og:title\" content=\"Renato Vicente Ferreira amplia atua\u00e7\u00e3o na odontologia ao unir implantodontia, pesquisa e forma\u00e7\u00e3o profissional\" \/>\n<meta property=\"og:description\" content=\"Com mais de tr\u00eas d\u00e9cadas de carreira, cirurgi\u00e3o-dentista se tornou refer\u00eancia na capacita\u00e7\u00e3o de profissionais e mant\u00e9m atua\u00e7\u00e3o voltada \u00e0 implantodontia, reabilita\u00e7\u00e3o oral e inova\u00e7\u00e3o no ensino odontol\u00f3gico A experi\u00eancia acumulada ao longo de mais de tr\u00eas d\u00e9cadas na odontologia levou Renato Vicente Ferreira a construir uma trajet\u00f3ria que vai al\u00e9m da pr\u00e1tica cl\u00ednica. Cirurgi\u00e3o-dentista [&hellip;]\" \/>\n<meta property=\"og:url\" content=\"https:\/\/fyno.pt\/pt\/saude\/renato-vicente-ferreira-amplia-atuacao-na-odontologia-ao-unir-implantodontia-pesquisa-e-formacao-profissional\/\" \/>\n<meta property=\"og:site_name\" content=\"Fyno\" \/>\n<meta property=\"article:published_time\" content=\"2026-08-28T12:19:34+00:00\" \/>\n<meta property=\"og:image\" content=\"https:\/\/fyno.pt\/wp-content\/uploads\/2026\/08\/img_0896.jpeg\" \/>\n\t<meta property=\"og:image:width\" content=\"1125\" \/>\n\t<meta property=\"og:image:height\" content=\"729\" \/>\n\t<meta property=\"og:image:type\" content=\"image\/jpeg\" \/>\n<meta name=\"author\" content=\"Fyno\" \/>\n<meta name=\"twitter:card\" content=\"summary_large_image\" \/>\n<meta name=\"twitter:label1\" content=\"Escrito por\" \/>\n\t<meta name=\"twitter:data1\" content=\"Fyno\" \/>\n\t<meta name=\"twitter:label2\" content=\"Tempo estimado de leitura\" \/>\n\t<meta name=\"twitter:data2\" content=\"5 minutos\" \/>\n<script type=\"application\/ld+json\" class=\"yoast-schema-graph\">{\"@context\":\"https:\\\/\\\/schema.org\",\"@graph\":[{\"@type\":\"Article\",\"@id\":\"https:\\\/\\\/fyno.pt\\\/saude\\\/renato-vicente-ferreira-amplia-atuacao-na-odontologia-ao-unir-implantodontia-pesquisa-e-formacao-profissional\\\/#article\",\"isPartOf\":{\"@id\":\"https:\\\/\\\/fyno.pt\\\/saude\\\/renato-vicente-ferreira-amplia-atuacao-na-odontologia-ao-unir-implantodontia-pesquisa-e-formacao-profissional\\\/\"},\"author\":{\"name\":\"Fyno\",\"@id\":\"https:\\\/\\\/fyno.pt\\\/#\\\/schema\\\/person\\\/ab5b330ed5ed05f1b4a7b8e438f68187\"},\"headline\":\"Renato Vicente Ferreira amplia atua\u00e7\u00e3o na odontologia ao unir implantodontia, pesquisa e forma\u00e7\u00e3o profissional\",\"datePublished\":\"2026-08-28T12:19:34+00:00\",\"mainEntityOfPage\":{\"@id\":\"https:\\\/\\\/fyno.pt\\\/saude\\\/renato-vicente-ferreira-amplia-atuacao-na-odontologia-ao-unir-implantodontia-pesquisa-e-formacao-profissional\\\/\"},\"wordCount\":932,\"image\":{\"@id\":\"https:\\\/\\\/fyno.pt\\\/saude\\\/renato-vicente-ferreira-amplia-atuacao-na-odontologia-ao-unir-implantodontia-pesquisa-e-formacao-profissional\\\/#primaryimage\"},\"thumbnailUrl\":\"https:\\\/\\\/fyno.pt\\\/wp-content\\\/uploads\\\/2026\\\/08\\\/img_0896.jpeg\",\"articleSection\":[\"Sa\u00fade\"],\"inLanguage\":\"pt-PT\"},{\"@type\":\"WebPage\",\"@id\":\"https:\\\/\\\/fyno.pt\\\/saude\\\/renato-vicente-ferreira-amplia-atuacao-na-odontologia-ao-unir-implantodontia-pesquisa-e-formacao-profissional\\\/\",\"url\":\"https:\\\/\\\/fyno.pt\\\/saude\\\/renato-vicente-ferreira-amplia-atuacao-na-odontologia-ao-unir-implantodontia-pesquisa-e-formacao-profissional\\\/\",\"name\":\"Renato Vicente Ferreira amplia atua\u00e7\u00e3o na odontologia ao unir implantodontia, pesquisa e forma\u00e7\u00e3o profissional - Fyno\",\"isPartOf\":{\"@id\":\"https:\\\/\\\/fyno.pt\\\/#website\"},\"primaryImageOfPage\":{\"@id\":\"https:\\\/\\\/fyno.pt\\\/saude\\\/renato-vicente-ferreira-amplia-atuacao-na-odontologia-ao-unir-implantodontia-pesquisa-e-formacao-profissional\\\/#primaryimage\"},\"image\":{\"@id\":\"https:\\\/\\\/fyno.pt\\\/saude\\\/renato-vicente-ferreira-amplia-atuacao-na-odontologia-ao-unir-implantodontia-pesquisa-e-formacao-profissional\\\/#primaryimage\"},\"thumbnailUrl\":\"https:\\\/\\\/fyno.pt\\\/wp-content\\\/uploads\\\/2026\\\/08\\\/img_0896.jpeg\",\"datePublished\":\"2026-08-28T12:19:34+00:00\",\"author\":{\"@id\":\"https:\\\/\\\/fyno.pt\\\/#\\\/schema\\\/person\\\/ab5b330ed5ed05f1b4a7b8e438f68187\"},\"breadcrumb\":{\"@id\":\"https:\\\/\\\/fyno.pt\\\/saude\\\/renato-vicente-ferreira-amplia-atuacao-na-odontologia-ao-unir-implantodontia-pesquisa-e-formacao-profissional\\\/#breadcrumb\"},\"inLanguage\":\"pt-PT\",\"potentialAction\":[{\"@type\":\"ReadAction\",\"target\":[\"https:\\\/\\\/fyno.pt\\\/saude\\\/renato-vicente-ferreira-amplia-atuacao-na-odontologia-ao-unir-implantodontia-pesquisa-e-formacao-profissional\\\/\"]}]},{\"@type\":\"ImageObject\",\"inLanguage\":\"pt-PT\",\"@id\":\"https:\\\/\\\/fyno.pt\\\/saude\\\/renato-vicente-ferreira-amplia-atuacao-na-odontologia-ao-unir-implantodontia-pesquisa-e-formacao-profissional\\\/#primaryimage\",\"url\":\"https:\\\/\\\/fyno.pt\\\/wp-content\\\/uploads\\\/2026\\\/08\\\/img_0896.jpeg\",\"contentUrl\":\"https:\\\/\\\/fyno.pt\\\/wp-content\\\/uploads\\\/2026\\\/08\\\/img_0896.jpeg\",\"width\":1125,\"height\":729,\"caption\":\"Foto Reprodu\u00e7\u00e3o.\"},{\"@type\":\"BreadcrumbList\",\"@id\":\"https:\\\/\\\/fyno.pt\\\/saude\\\/renato-vicente-ferreira-amplia-atuacao-na-odontologia-ao-unir-implantodontia-pesquisa-e-formacao-profissional\\\/#breadcrumb\",\"itemListElement\":[{\"@type\":\"ListItem\",\"position\":1,\"name\":\"In\u00edcio\",\"item\":\"https:\\\/\\\/fyno.pt\\\/\"},{\"@type\":\"ListItem\",\"position\":2,\"name\":\"Renato Vicente Ferreira amplia atua\u00e7\u00e3o na odontologia ao unir implantodontia, pesquisa e forma\u00e7\u00e3o profissional\"}]},{\"@type\":\"WebSite\",\"@id\":\"https:\\\/\\\/fyno.pt\\\/#website\",\"url\":\"https:\\\/\\\/fyno.pt\\\/\",\"name\":\"Fyno\",\"description\":\"Not\u00edcia e informa\u00e7\u00e3o\",\"potentialAction\":[{\"@type\":\"SearchAction\",\"target\":{\"@type\":\"EntryPoint\",\"urlTemplate\":\"https:\\\/\\\/fyno.pt\\\/?s={search_term_string}\"},\"query-input\":{\"@type\":\"PropertyValueSpecification\",\"valueRequired\":true,\"valueName\":\"search_term_string\"}}],\"inLanguage\":\"pt-PT\"},{\"@type\":\"Person\",\"@id\":\"https:\\\/\\\/fyno.pt\\\/#\\\/schema\\\/person\\\/ab5b330ed5ed05f1b4a7b8e438f68187\",\"name\":\"Fyno\",\"image\":{\"@type\":\"ImageObject\",\"inLanguage\":\"pt-PT\",\"@id\":\"https:\\\/\\\/fyno.pt\\\/wp-content\\\/litespeed\\\/avatar\\\/8f51870e8d94c234e288da840d914372.jpg?ver=1788205134\",\"url\":\"https:\\\/\\\/fyno.pt\\\/wp-content\\\/litespeed\\\/avatar\\\/8f51870e8d94c234e288da840d914372.jpg?ver=1788205134\",\"contentUrl\":\"https:\\\/\\\/fyno.pt\\\/wp-content\\\/litespeed\\\/avatar\\\/8f51870e8d94c234e288da840d914372.jpg?ver=1788205134\",\"caption\":\"Fyno\"},\"description\":\"A sua fonte de informa\u00e7\u00e3o.\",\"url\":\"https:\\\/\\\/fyno.pt\\\/pt\\\/author\\\/fynopt\\\/\"}]}<\/script>\n<!-- \/ Yoast SEO Premium plugin. -->","yoast_head_json":{"title":"Renato Vicente Ferreira amplia atua\u00e7\u00e3o na odontologia ao unir implantodontia, pesquisa e forma\u00e7\u00e3o profissional - Fyno","robots":{"index":"index","follow":"follow","max-snippet":"max-snippet:-1","max-image-preview":"max-image-preview:large","max-video-preview":"max-video-preview:-1"},"canonical":"https:\/\/fyno.pt\/pt\/saude\/renato-vicente-ferreira-amplia-atuacao-na-odontologia-ao-unir-implantodontia-pesquisa-e-formacao-profissional\/","og_locale":"pt_PT","og_type":"article","og_title":"Renato Vicente Ferreira amplia atua\u00e7\u00e3o na odontologia ao unir implantodontia, pesquisa e forma\u00e7\u00e3o profissional","og_description":"Com mais de tr\u00eas d\u00e9cadas de carreira, cirurgi\u00e3o-dentista se tornou refer\u00eancia na capacita\u00e7\u00e3o de profissionais e mant\u00e9m atua\u00e7\u00e3o voltada \u00e0 implantodontia, reabilita\u00e7\u00e3o oral e inova\u00e7\u00e3o no ensino odontol\u00f3gico A experi\u00eancia acumulada ao longo de mais de tr\u00eas d\u00e9cadas na odontologia levou Renato Vicente Ferreira a construir uma trajet\u00f3ria que vai al\u00e9m da pr\u00e1tica cl\u00ednica. Cirurgi\u00e3o-dentista [&hellip;]","og_url":"https:\/\/fyno.pt\/pt\/saude\/renato-vicente-ferreira-amplia-atuacao-na-odontologia-ao-unir-implantodontia-pesquisa-e-formacao-profissional\/","og_site_name":"Fyno","article_published_time":"2026-08-28T12:19:34+00:00","og_image":[{"width":1125,"height":729,"url":"https:\/\/fyno.pt\/wp-content\/uploads\/2026\/08\/img_0896.jpeg","type":"image\/jpeg"}],"author":"Fyno","twitter_card":"summary_large_image","twitter_misc":{"Escrito por":"Fyno","Tempo estimado de leitura":"5 minutos"},"schema":{"@context":"https:\/\/schema.org","@graph":[{"@type":"Article","@id":"https:\/\/fyno.pt\/saude\/renato-vicente-ferreira-amplia-atuacao-na-odontologia-ao-unir-implantodontia-pesquisa-e-formacao-profissional\/#article","isPartOf":{"@id":"https:\/\/fyno.pt\/saude\/renato-vicente-ferreira-amplia-atuacao-na-odontologia-ao-unir-implantodontia-pesquisa-e-formacao-profissional\/"},"author":{"name":"Fyno","@id":"https:\/\/fyno.pt\/#\/schema\/person\/ab5b330ed5ed05f1b4a7b8e438f68187"},"headline":"Renato Vicente Ferreira amplia atua\u00e7\u00e3o na odontologia ao unir implantodontia, pesquisa e forma\u00e7\u00e3o profissional","datePublished":"2026-08-28T12:19:34+00:00","mainEntityOfPage":{"@id":"https:\/\/fyno.pt\/saude\/renato-vicente-ferreira-amplia-atuacao-na-odontologia-ao-unir-implantodontia-pesquisa-e-formacao-profissional\/"},"wordCount":932,"image":{"@id":"https:\/\/fyno.pt\/saude\/renato-vicente-ferreira-amplia-atuacao-na-odontologia-ao-unir-implantodontia-pesquisa-e-formacao-profissional\/#primaryimage"},"thumbnailUrl":"https:\/\/fyno.pt\/wp-content\/uploads\/2026\/08\/img_0896.jpeg","articleSection":["Sa\u00fade"],"inLanguage":"pt-PT"},{"@type":"WebPage","@id":"https:\/\/fyno.pt\/saude\/renato-vicente-ferreira-amplia-atuacao-na-odontologia-ao-unir-implantodontia-pesquisa-e-formacao-profissional\/","url":"https:\/\/fyno.pt\/saude\/renato-vicente-ferreira-amplia-atuacao-na-odontologia-ao-unir-implantodontia-pesquisa-e-formacao-profissional\/","name":"Renato Vicente Ferreira amplia atua\u00e7\u00e3o na odontologia ao unir implantodontia, pesquisa e forma\u00e7\u00e3o profissional - Fyno","isPartOf":{"@id":"https:\/\/fyno.pt\/#website"},"primaryImageOfPage":{"@id":"https:\/\/fyno.pt\/saude\/renato-vicente-ferreira-amplia-atuacao-na-odontologia-ao-unir-implantodontia-pesquisa-e-formacao-profissional\/#primaryimage"},"image":{"@id":"https:\/\/fyno.pt\/saude\/renato-vicente-ferreira-amplia-atuacao-na-odontologia-ao-unir-implantodontia-pesquisa-e-formacao-profissional\/#primaryimage"},"thumbnailUrl":"https:\/\/fyno.pt\/wp-content\/uploads\/2026\/08\/img_0896.jpeg","datePublished":"2026-08-28T12:19:34+00:00","author":{"@id":"https:\/\/fyno.pt\/#\/schema\/person\/ab5b330ed5ed05f1b4a7b8e438f68187"},"breadcrumb":{"@id":"https:\/\/fyno.pt\/saude\/renato-vicente-ferreira-amplia-atuacao-na-odontologia-ao-unir-implantodontia-pesquisa-e-formacao-profissional\/#breadcrumb"},"inLanguage":"pt-PT","potentialAction":[{"@type":"ReadAction","target":["https:\/\/fyno.pt\/saude\/renato-vicente-ferreira-amplia-atuacao-na-odontologia-ao-unir-implantodontia-pesquisa-e-formacao-profissional\/"]}]},{"@type":"ImageObject","inLanguage":"pt-PT","@id":"https:\/\/fyno.pt\/saude\/renato-vicente-ferreira-amplia-atuacao-na-odontologia-ao-unir-implantodontia-pesquisa-e-formacao-profissional\/#primaryimage","url":"https:\/\/fyno.pt\/wp-content\/uploads\/2026\/08\/img_0896.jpeg","contentUrl":"https:\/\/fyno.pt\/wp-content\/uploads\/2026\/08\/img_0896.jpeg","width":1125,"height":729,"caption":"Foto Reprodu\u00e7\u00e3o."},{"@type":"BreadcrumbList","@id":"https:\/\/fyno.pt\/saude\/renato-vicente-ferreira-amplia-atuacao-na-odontologia-ao-unir-implantodontia-pesquisa-e-formacao-profissional\/#breadcrumb","itemListElement":[{"@type":"ListItem","position":1,"name":"In\u00edcio","item":"https:\/\/fyno.pt\/"},{"@type":"ListItem","position":2,"name":"Renato Vicente Ferreira amplia atua\u00e7\u00e3o na odontologia ao unir implantodontia, pesquisa e forma\u00e7\u00e3o profissional"}]},{"@type":"WebSite","@id":"https:\/\/fyno.pt\/#website","url":"https:\/\/fyno.pt\/","name":"Fyno","description":"Not\u00edcia e informa\u00e7\u00e3o","potentialAction":[{"@type":"SearchAction","target":{"@type":"EntryPoint","urlTemplate":"https:\/\/fyno.pt\/?s={search_term_string}"},"query-input":{"@type":"PropertyValueSpecification","valueRequired":true,"valueName":"search_term_string"}}],"inLanguage":"pt-PT"},{"@type":"Person","@id":"https:\/\/fyno.pt\/#\/schema\/person\/ab5b330ed5ed05f1b4a7b8e438f68187","name":"Fyno","image":{"@type":"ImageObject","inLanguage":"pt-PT","@id":"https:\/\/fyno.pt\/wp-content\/litespeed\/avatar\/8f51870e8d94c234e288da840d914372.jpg?ver=1788205134","url":"https:\/\/fyno.pt\/wp-content\/litespeed\/avatar\/8f51870e8d94c234e288da840d914372.jpg?ver=1788205134","contentUrl":"https:\/\/fyno.pt\/wp-content\/litespeed\/avatar\/8f51870e8d94c234e288da840d914372.jpg?ver=1788205134","caption":"Fyno"},"description":"A sua fonte de informa\u00e7\u00e3o.","url":"https:\/\/fyno.pt\/pt\/author\/fynopt\/"}]}},"_links":{"self":[{"href":"https:\/\/fyno.pt\/pt\/wp-json\/wp\/v2\/posts\/43290","targetHints":{"allow":["GET"]}}],"collection":[{"href":"https:\/\/fyno.pt\/pt\/wp-json\/wp\/v2\/posts"}],"about":[{"href":"https:\/\/fyno.pt\/pt\/wp-json\/wp\/v2\/types\/post"}],"author":[{"embeddable":true,"href":"https:\/\/fyno.pt\/pt\/wp-json\/wp\/v2\/users\/9"}],"replies":[{"embeddable":true,"href":"https:\/\/fyno.pt\/pt\/wp-json\/wp\/v2\/comments?post=43290"}],"version-history":[{"count":1,"href":"https:\/\/fyno.pt\/pt\/wp-json\/wp\/v2\/posts\/43290\/revisions"}],"predecessor-version":[{"id":43291,"href":"https:\/\/fyno.pt\/pt\/wp-json\/wp\/v2\/posts\/43290\/revisions\/43291"}],"wp:featuredmedia":[{"embeddable":true,"href":"https:\/\/fyno.pt\/pt\/wp-json\/wp\/v2\/media\/43289"}],"wp:attachment":[{"href":"https:\/\/fyno.pt\/pt\/wp-json\/wp\/v2\/media?parent=43290"}],"wp:term":[{"taxonomy":"category","embeddable":true,"href":"https:\/\/fyno.pt\/pt\/wp-json\/wp\/v2\/categories?post=43290"},{"taxonomy":"post_tag","embeddable":true,"href":"https:\/\/fyno.pt\/pt\/wp-json\/wp\/v2\/tags?post=43290"}],"curies":[{"name":"wp","href":"https:\/\/api.w.org\/{rel}","templated":true}]}}