{"id":43286,"date":"2026-08-27T22:03:26","date_gmt":"2026-08-28T01:03:26","guid":{"rendered":"https:\/\/fyno.pt\/?p=43286"},"modified":"2026-08-27T22:03:26","modified_gmt":"2026-08-28T01:03:26","slug":"thiago-fabeni-habkost-amplia-atuacao-na-advocacia-com-foco-em-direito-publico-penal-e-defesa-estrategica","status":"publish","type":"post","link":"https:\/\/fyno.pt\/pt\/noticias\/thiago-fabeni-habkost-amplia-atuacao-na-advocacia-com-foco-em-direito-publico-penal-e-defesa-estrategica\/","title":{"rendered":"Thiago Fabeni Habkost amplia atua\u00e7\u00e3o na advocacia com foco em Direito P\u00fablico, Penal e defesa estrat\u00e9gica"},"content":{"rendered":"<p class=\"p2\"><strong><em>Advogado catarinense est\u00e1 \u00e0 frente da Fabeni Advocacia, escrit\u00f3rio com mais de 16 anos de trajet\u00f3ria e atua\u00e7\u00e3o em demandas que envolvem servidores p\u00fablicos, seguran\u00e7a p\u00fablica e quest\u00f5es judiciais de diferentes naturezas<\/em><\/strong><\/p>\n\n\n\n<p class=\"p3\">Em uma advocacia cada vez mais marcada pela complexidade das rela\u00e7\u00f5es entre cidad\u00e3os, empresas e Poder P\u00fablico, a atua\u00e7\u00e3o especializada tornou-se um dos principais diferenciais para quem precisa enfrentar uma disputa judicial ou administrativa. \u00c9 nesse cen\u00e1rio que o advogado <strong>Thiago Fabeni Habkost<\/strong>, inscrito na OAB\/SC sob o n\u00ba 27.130, desenvolve sua trajet\u00f3ria profissional \u00e0 frente da Fabeni Advocacia.<\/p>\n\n\n\n<p class=\"p3\">Com sede em Florian\u00f3polis, o escrit\u00f3rio possui mais de 16 anos de trajet\u00f3ria e re\u00fane atua\u00e7\u00e3o nas \u00e1reas <strong>c\u00edvel, penal e p\u00fablica<\/strong>, conforme informa\u00e7\u00f5es divulgadas pela pr\u00f3pria banca e pela OAB de Santa Catarina.&nbsp;<\/p>\n\n\n\n<p class=\"p3\">Um dos principais campos de atua\u00e7\u00e3o de Habkost est\u00e1 relacionado \u00e0 <strong>defesa de servidores p\u00fablicos e profissionais da seguran\u00e7a p\u00fablica<\/strong>, especialmente em situa\u00e7\u00f5es que podem repercutir diretamente sobre carreira, fun\u00e7\u00e3o, patrim\u00f4nio e direitos funcionais.<\/p>\n\n\n\n<h3 class=\"wp-block-heading\"><strong>Estrat\u00e9gia jur\u00eddica em situa\u00e7\u00f5es de alta complexidade<\/strong><\/h3>\n\n\n\n<p class=\"p3\">A atua\u00e7\u00e3o em Direito P\u00fablico envolve demandas que exigem conhecimento espec\u00edfico sobre a rela\u00e7\u00e3o entre o servidor e a Administra\u00e7\u00e3o P\u00fablica. Entre os servi\u00e7os desenvolvidos nesse segmento est\u00e3o a defesa em <strong>processos administrativos disciplinares, sindic\u00e2ncias, quest\u00f5es funcionais, procedimentos envolvendo \u00f3rg\u00e3os p\u00fablicos e a\u00e7\u00f5es judiciais relacionadas \u00e0 carreira do servidor<\/strong>.<\/p>\n\n\n\n<p class=\"p3\">A experi\u00eancia do advogado nesse campo aparece tamb\u00e9m em registros judiciais. Em um caso julgado pelo Tribunal de Justi\u00e7a de Santa Catarina, Habkost atuou na defesa de um ex-delegado regional em uma discuss\u00e3o envolvendo, entre outros pontos, os efeitos de uma condena\u00e7\u00e3o sobre sua aposentadoria. A tese apresentada pela defesa foi parcialmente acolhida pelo tribunal, que afastou a perda da aposentadoria.&nbsp;<\/p>\n\n\n\n<h3 class=\"wp-block-heading\"><strong>Direito Penal e defesa<\/strong><\/h3>\n\n\n\n<p class=\"p3\">Outro eixo importante da atua\u00e7\u00e3o profissional \u00e9 o <strong>Direito Penal<\/strong>, \u00e1rea na qual a estrat\u00e9gia jur\u00eddica pode come\u00e7ar ainda durante uma investiga\u00e7\u00e3o e se estender por todas as etapas do processo.<\/p>\n\n\n\n<p class=\"p3\">A proposta envolve acompanhamento de investiga\u00e7\u00f5es, inqu\u00e9ritos, a\u00e7\u00f5es penais e defesa perante o Judici\u00e1rio, al\u00e9m da an\u00e1lise t\u00e9cnica de elementos probat\u00f3rios e das circunst\u00e2ncias espec\u00edficas de cada caso.<\/p>\n\n\n\n<p class=\"p3\">A atua\u00e7\u00e3o profissional de Habkost tamb\u00e9m aparece em registros p\u00fablicos de processos judiciais recentes, inclusive em demandas relacionadas ao Poder P\u00fablico.&nbsp;<\/p>\n\n\n\n<h3 class=\"wp-block-heading\"><strong>Direito Civil e atua\u00e7\u00e3o perante o Poder P\u00fablico<\/strong><\/h3>\n\n\n\n<p class=\"p3\">No campo c\u00edvel, a advocacia atende demandas que podem envolver <strong>contratos, responsabilidade civil, patrim\u00f4nio, obriga\u00e7\u00f5es, indeniza\u00e7\u00f5es e disputas judiciais<\/strong>, enquanto a \u00e1rea p\u00fablica concentra quest\u00f5es relacionadas \u00e0 Administra\u00e7\u00e3o e aos direitos de servidores.<\/p>\n\n\n\n<p class=\"p3\">A combina\u00e7\u00e3o dessas \u00e1reas permite ao escrit\u00f3rio atuar em casos nos quais diferentes aspectos jur\u00eddicos se cruzam, exigindo uma an\u00e1lise mais ampla da situa\u00e7\u00e3o apresentada pelo cliente.<\/p>\n\n\n\n<h3 class=\"wp-block-heading\"><strong>Informa\u00e7\u00e3o jur\u00eddica tamb\u00e9m ganha espa\u00e7o<\/strong><\/h3>\n\n\n\n<p class=\"p3\">Al\u00e9m da atua\u00e7\u00e3o nos processos, Thiago Fabeni Habkost vem utilizando as redes sociais para abordar temas jur\u00eddicos que fazem parte do cotidiano de servidores, policiais e cidad\u00e3os.<\/p>\n\n\n\n<p class=\"p3\">Conte\u00fados sobre <strong>processos disciplinares, investiga\u00e7\u00e3o criminal, provas digitais, mensagens de WhatsApp, responsabilidade funcional e procedimentos administrativos<\/strong> ajudam a levar ao p\u00fablico informa\u00e7\u00f5es que normalmente ficam restritas ao ambiente jur\u00eddico.<\/p>\n\n\n\n<p class=\"p3\">A estrat\u00e9gia acompanha uma transforma\u00e7\u00e3o na comunica\u00e7\u00e3o da advocacia: o profissional deixa de ocupar apenas o espa\u00e7o dos tribunais e passa tamb\u00e9m a produzir conte\u00fado para orientar e esclarecer a sociedade.<\/p>\n\n\n\n<h3 class=\"wp-block-heading\"><strong>Uma advocacia voltada \u00e0 defesa de direitos<\/strong><\/h3>\n\n\n\n<p class=\"p3\">\u00c0 frente da Fabeni Advocacia, Habkost mant\u00e9m uma estrutura voltada ao atendimento de demandas nas \u00e1reas <strong>P\u00fablica, Penal e Civil<\/strong>, com especial aten\u00e7\u00e3o a situa\u00e7\u00f5es nas quais uma decis\u00e3o administrativa ou judicial pode produzir consequ\u00eancias significativas para a vida profissional e patrimonial do cliente.<\/p>\n\n\n\n<p class=\"p3\">O pr\u00f3prio cadastro de oportunidades da OAB\/SC descreve a banca como um escrit\u00f3rio com mais de 16 anos de trajet\u00f3ria e registra Thiago Fabeni Habkost como seu respons\u00e1vel.&nbsp;<\/p>\n\n\n\n<p class=\"p3\">A trajet\u00f3ria tamb\u00e9m \u00e9 acompanhada por registros oficiais da OAB envolvendo processos \u00e9tico-disciplinares, incluindo uma penalidade de suspens\u00e3o publicada em 2022. Esse tipo de informa\u00e7\u00e3o faz parte do hist\u00f3rico p\u00fablico do profissional e deve ser contextualizado de acordo com os respectivos processos e decis\u00f5es, sem extrapolar o conte\u00fado dos documentos oficiais.&nbsp;<\/p>\n\n\n\n<p class=\"p4\">Com uma atua\u00e7\u00e3o que combina <strong>Direito P\u00fablico, Penal e Civil<\/strong>, Thiago Fabeni Habkost construiu sua presen\u00e7a profissional especialmente em demandas que envolvem servidores p\u00fablicos, profissionais da seguran\u00e7a e quest\u00f5es jur\u00eddicas de maior complexidade. Em um ambiente no qual decis\u00f5es administrativas e judiciais podem definir os rumos de uma carreira ou de um patrim\u00f4nio, a atua\u00e7\u00e3o estrat\u00e9gica e especializada se torna um dos elementos centrais de sua proposta profissional.<\/p>","protected":false},"excerpt":{"rendered":"<p>Advogado catarinense est\u00e1 \u00e0 frente da Fabeni Advocacia, escrit\u00f3rio com mais de 16 anos de trajet\u00f3ria e atua\u00e7\u00e3o em demandas que envolvem servidores p\u00fablicos, seguran\u00e7a p\u00fablica e quest\u00f5es judiciais de diferentes naturezas Em uma advocacia cada vez mais marcada pela complexidade das rela\u00e7\u00f5es entre cidad\u00e3os, empresas e Poder P\u00fablico, a atua\u00e7\u00e3o especializada tornou-se um dos [&hellip;]<\/p>\n","protected":false},"author":9,"featured_media":43285,"comment_status":"closed","ping_status":"open","sticky":false,"template":"","format":"standard","meta":{"footnotes":""},"categories":[52],"tags":[],"class_list":["post-43286","post","type-post","status-publish","format-standard","has-post-thumbnail","hentry","category-noticias"],"yoast_head":"<!-- This site is optimized with the Yoast SEO Premium plugin v27.9 (Yoast SEO v27.9) - https:\/\/yoast.com\/product\/yoast-seo-premium-wordpress\/ -->\n<title>Thiago Fabeni Habkost amplia atua\u00e7\u00e3o na advocacia com foco em Direito P\u00fablico, Penal e defesa estrat\u00e9gica - Fyno<\/title>\n<meta name=\"robots\" content=\"index, follow, max-snippet:-1, max-image-preview:large, max-video-preview:-1\" \/>\n<link rel=\"canonical\" href=\"https:\/\/fyno.pt\/pt\/noticias\/thiago-fabeni-habkost-amplia-atuacao-na-advocacia-com-foco-em-direito-publico-penal-e-defesa-estrategica\/\" \/>\n<meta property=\"og:locale\" content=\"pt_PT\" \/>\n<meta property=\"og:type\" content=\"article\" \/>\n<meta property=\"og:title\" content=\"Thiago Fabeni Habkost amplia atua\u00e7\u00e3o na advocacia com foco em Direito P\u00fablico, Penal e defesa estrat\u00e9gica\" \/>\n<meta property=\"og:description\" content=\"Advogado catarinense est\u00e1 \u00e0 frente da Fabeni Advocacia, escrit\u00f3rio com mais de 16 anos de trajet\u00f3ria e atua\u00e7\u00e3o em demandas que envolvem servidores p\u00fablicos, seguran\u00e7a p\u00fablica e quest\u00f5es judiciais de diferentes naturezas Em uma advocacia cada vez mais marcada pela complexidade das rela\u00e7\u00f5es entre cidad\u00e3os, empresas e Poder P\u00fablico, a atua\u00e7\u00e3o especializada tornou-se um dos [&hellip;]\" \/>\n<meta property=\"og:url\" content=\"https:\/\/fyno.pt\/pt\/noticias\/thiago-fabeni-habkost-amplia-atuacao-na-advocacia-com-foco-em-direito-publico-penal-e-defesa-estrategica\/\" \/>\n<meta property=\"og:site_name\" content=\"Fyno\" \/>\n<meta property=\"article:published_time\" content=\"2026-08-28T01:03:26+00:00\" \/>\n<meta property=\"og:image\" content=\"https:\/\/fyno.pt\/wp-content\/uploads\/2026\/08\/img_0879.jpeg\" \/>\n\t<meta property=\"og:image:width\" content=\"495\" \/>\n\t<meta property=\"og:image:height\" content=\"309\" \/>\n\t<meta property=\"og:image:type\" content=\"image\/jpeg\" \/>\n<meta name=\"author\" content=\"Fyno\" \/>\n<meta name=\"twitter:card\" content=\"summary_large_image\" \/>\n<meta name=\"twitter:label1\" content=\"Escrito por\" \/>\n\t<meta name=\"twitter:data1\" content=\"Fyno\" \/>\n\t<meta name=\"twitter:label2\" content=\"Tempo estimado de leitura\" \/>\n\t<meta name=\"twitter:data2\" content=\"4 minutos\" \/>\n<script type=\"application\/ld+json\" class=\"yoast-schema-graph\">{\"@context\":\"https:\\\/\\\/schema.org\",\"@graph\":[{\"@type\":\"Article\",\"@id\":\"https:\\\/\\\/fyno.pt\\\/noticias\\\/thiago-fabeni-habkost-amplia-atuacao-na-advocacia-com-foco-em-direito-publico-penal-e-defesa-estrategica\\\/#article\",\"isPartOf\":{\"@id\":\"https:\\\/\\\/fyno.pt\\\/noticias\\\/thiago-fabeni-habkost-amplia-atuacao-na-advocacia-com-foco-em-direito-publico-penal-e-defesa-estrategica\\\/\"},\"author\":{\"name\":\"Fyno\",\"@id\":\"https:\\\/\\\/fyno.pt\\\/#\\\/schema\\\/person\\\/ab5b330ed5ed05f1b4a7b8e438f68187\"},\"headline\":\"Thiago Fabeni Habkost amplia atua\u00e7\u00e3o na advocacia com foco em Direito P\u00fablico, Penal e defesa estrat\u00e9gica\",\"datePublished\":\"2026-08-28T01:03:26+00:00\",\"mainEntityOfPage\":{\"@id\":\"https:\\\/\\\/fyno.pt\\\/noticias\\\/thiago-fabeni-habkost-amplia-atuacao-na-advocacia-com-foco-em-direito-publico-penal-e-defesa-estrategica\\\/\"},\"wordCount\":860,\"image\":{\"@id\":\"https:\\\/\\\/fyno.pt\\\/noticias\\\/thiago-fabeni-habkost-amplia-atuacao-na-advocacia-com-foco-em-direito-publico-penal-e-defesa-estrategica\\\/#primaryimage\"},\"thumbnailUrl\":\"https:\\\/\\\/fyno.pt\\\/wp-content\\\/uploads\\\/2026\\\/08\\\/img_0879.jpeg\",\"articleSection\":[\"Not\u00edcias\"],\"inLanguage\":\"pt-PT\"},{\"@type\":\"WebPage\",\"@id\":\"https:\\\/\\\/fyno.pt\\\/noticias\\\/thiago-fabeni-habkost-amplia-atuacao-na-advocacia-com-foco-em-direito-publico-penal-e-defesa-estrategica\\\/\",\"url\":\"https:\\\/\\\/fyno.pt\\\/noticias\\\/thiago-fabeni-habkost-amplia-atuacao-na-advocacia-com-foco-em-direito-publico-penal-e-defesa-estrategica\\\/\",\"name\":\"Thiago Fabeni Habkost amplia atua\u00e7\u00e3o na advocacia com foco em Direito P\u00fablico, Penal e defesa estrat\u00e9gica - Fyno\",\"isPartOf\":{\"@id\":\"https:\\\/\\\/fyno.pt\\\/#website\"},\"primaryImageOfPage\":{\"@id\":\"https:\\\/\\\/fyno.pt\\\/noticias\\\/thiago-fabeni-habkost-amplia-atuacao-na-advocacia-com-foco-em-direito-publico-penal-e-defesa-estrategica\\\/#primaryimage\"},\"image\":{\"@id\":\"https:\\\/\\\/fyno.pt\\\/noticias\\\/thiago-fabeni-habkost-amplia-atuacao-na-advocacia-com-foco-em-direito-publico-penal-e-defesa-estrategica\\\/#primaryimage\"},\"thumbnailUrl\":\"https:\\\/\\\/fyno.pt\\\/wp-content\\\/uploads\\\/2026\\\/08\\\/img_0879.jpeg\",\"datePublished\":\"2026-08-28T01:03:26+00:00\",\"author\":{\"@id\":\"https:\\\/\\\/fyno.pt\\\/#\\\/schema\\\/person\\\/ab5b330ed5ed05f1b4a7b8e438f68187\"},\"breadcrumb\":{\"@id\":\"https:\\\/\\\/fyno.pt\\\/noticias\\\/thiago-fabeni-habkost-amplia-atuacao-na-advocacia-com-foco-em-direito-publico-penal-e-defesa-estrategica\\\/#breadcrumb\"},\"inLanguage\":\"pt-PT\",\"potentialAction\":[{\"@type\":\"ReadAction\",\"target\":[\"https:\\\/\\\/fyno.pt\\\/noticias\\\/thiago-fabeni-habkost-amplia-atuacao-na-advocacia-com-foco-em-direito-publico-penal-e-defesa-estrategica\\\/\"]}]},{\"@type\":\"ImageObject\",\"inLanguage\":\"pt-PT\",\"@id\":\"https:\\\/\\\/fyno.pt\\\/noticias\\\/thiago-fabeni-habkost-amplia-atuacao-na-advocacia-com-foco-em-direito-publico-penal-e-defesa-estrategica\\\/#primaryimage\",\"url\":\"https:\\\/\\\/fyno.pt\\\/wp-content\\\/uploads\\\/2026\\\/08\\\/img_0879.jpeg\",\"contentUrl\":\"https:\\\/\\\/fyno.pt\\\/wp-content\\\/uploads\\\/2026\\\/08\\\/img_0879.jpeg\",\"width\":495,\"height\":309},{\"@type\":\"BreadcrumbList\",\"@id\":\"https:\\\/\\\/fyno.pt\\\/noticias\\\/thiago-fabeni-habkost-amplia-atuacao-na-advocacia-com-foco-em-direito-publico-penal-e-defesa-estrategica\\\/#breadcrumb\",\"itemListElement\":[{\"@type\":\"ListItem\",\"position\":1,\"name\":\"In\u00edcio\",\"item\":\"https:\\\/\\\/fyno.pt\\\/\"},{\"@type\":\"ListItem\",\"position\":2,\"name\":\"Thiago Fabeni Habkost amplia atua\u00e7\u00e3o na advocacia com foco em Direito P\u00fablico, Penal e defesa estrat\u00e9gica\"}]},{\"@type\":\"WebSite\",\"@id\":\"https:\\\/\\\/fyno.pt\\\/#website\",\"url\":\"https:\\\/\\\/fyno.pt\\\/\",\"name\":\"Fyno\",\"description\":\"Not\u00edcia e informa\u00e7\u00e3o\",\"potentialAction\":[{\"@type\":\"SearchAction\",\"target\":{\"@type\":\"EntryPoint\",\"urlTemplate\":\"https:\\\/\\\/fyno.pt\\\/?s={search_term_string}\"},\"query-input\":{\"@type\":\"PropertyValueSpecification\",\"valueRequired\":true,\"valueName\":\"search_term_string\"}}],\"inLanguage\":\"pt-PT\"},{\"@type\":\"Person\",\"@id\":\"https:\\\/\\\/fyno.pt\\\/#\\\/schema\\\/person\\\/ab5b330ed5ed05f1b4a7b8e438f68187\",\"name\":\"Fyno\",\"image\":{\"@type\":\"ImageObject\",\"inLanguage\":\"pt-PT\",\"@id\":\"https:\\\/\\\/fyno.pt\\\/wp-content\\\/litespeed\\\/avatar\\\/8f51870e8d94c234e288da840d914372.jpg?ver=1788205134\",\"url\":\"https:\\\/\\\/fyno.pt\\\/wp-content\\\/litespeed\\\/avatar\\\/8f51870e8d94c234e288da840d914372.jpg?ver=1788205134\",\"contentUrl\":\"https:\\\/\\\/fyno.pt\\\/wp-content\\\/litespeed\\\/avatar\\\/8f51870e8d94c234e288da840d914372.jpg?ver=1788205134\",\"caption\":\"Fyno\"},\"description\":\"A sua fonte de informa\u00e7\u00e3o.\",\"url\":\"https:\\\/\\\/fyno.pt\\\/pt\\\/author\\\/fynopt\\\/\"}]}<\/script>\n<!-- \/ Yoast SEO Premium plugin. -->","yoast_head_json":{"title":"Thiago Fabeni Habkost amplia atua\u00e7\u00e3o na advocacia com foco em Direito P\u00fablico, Penal e defesa estrat\u00e9gica - Fyno","robots":{"index":"index","follow":"follow","max-snippet":"max-snippet:-1","max-image-preview":"max-image-preview:large","max-video-preview":"max-video-preview:-1"},"canonical":"https:\/\/fyno.pt\/pt\/noticias\/thiago-fabeni-habkost-amplia-atuacao-na-advocacia-com-foco-em-direito-publico-penal-e-defesa-estrategica\/","og_locale":"pt_PT","og_type":"article","og_title":"Thiago Fabeni Habkost amplia atua\u00e7\u00e3o na advocacia com foco em Direito P\u00fablico, Penal e defesa estrat\u00e9gica","og_description":"Advogado catarinense est\u00e1 \u00e0 frente da Fabeni Advocacia, escrit\u00f3rio com mais de 16 anos de trajet\u00f3ria e atua\u00e7\u00e3o em demandas que envolvem servidores p\u00fablicos, seguran\u00e7a p\u00fablica e quest\u00f5es judiciais de diferentes naturezas Em uma advocacia cada vez mais marcada pela complexidade das rela\u00e7\u00f5es entre cidad\u00e3os, empresas e Poder P\u00fablico, a atua\u00e7\u00e3o especializada tornou-se um dos [&hellip;]","og_url":"https:\/\/fyno.pt\/pt\/noticias\/thiago-fabeni-habkost-amplia-atuacao-na-advocacia-com-foco-em-direito-publico-penal-e-defesa-estrategica\/","og_site_name":"Fyno","article_published_time":"2026-08-28T01:03:26+00:00","og_image":[{"width":495,"height":309,"url":"https:\/\/fyno.pt\/wp-content\/uploads\/2026\/08\/img_0879.jpeg","type":"image\/jpeg"}],"author":"Fyno","twitter_card":"summary_large_image","twitter_misc":{"Escrito por":"Fyno","Tempo estimado de leitura":"4 minutos"},"schema":{"@context":"https:\/\/schema.org","@graph":[{"@type":"Article","@id":"https:\/\/fyno.pt\/noticias\/thiago-fabeni-habkost-amplia-atuacao-na-advocacia-com-foco-em-direito-publico-penal-e-defesa-estrategica\/#article","isPartOf":{"@id":"https:\/\/fyno.pt\/noticias\/thiago-fabeni-habkost-amplia-atuacao-na-advocacia-com-foco-em-direito-publico-penal-e-defesa-estrategica\/"},"author":{"name":"Fyno","@id":"https:\/\/fyno.pt\/#\/schema\/person\/ab5b330ed5ed05f1b4a7b8e438f68187"},"headline":"Thiago Fabeni Habkost amplia atua\u00e7\u00e3o na advocacia com foco em Direito P\u00fablico, Penal e defesa estrat\u00e9gica","datePublished":"2026-08-28T01:03:26+00:00","mainEntityOfPage":{"@id":"https:\/\/fyno.pt\/noticias\/thiago-fabeni-habkost-amplia-atuacao-na-advocacia-com-foco-em-direito-publico-penal-e-defesa-estrategica\/"},"wordCount":860,"image":{"@id":"https:\/\/fyno.pt\/noticias\/thiago-fabeni-habkost-amplia-atuacao-na-advocacia-com-foco-em-direito-publico-penal-e-defesa-estrategica\/#primaryimage"},"thumbnailUrl":"https:\/\/fyno.pt\/wp-content\/uploads\/2026\/08\/img_0879.jpeg","articleSection":["Not\u00edcias"],"inLanguage":"pt-PT"},{"@type":"WebPage","@id":"https:\/\/fyno.pt\/noticias\/thiago-fabeni-habkost-amplia-atuacao-na-advocacia-com-foco-em-direito-publico-penal-e-defesa-estrategica\/","url":"https:\/\/fyno.pt\/noticias\/thiago-fabeni-habkost-amplia-atuacao-na-advocacia-com-foco-em-direito-publico-penal-e-defesa-estrategica\/","name":"Thiago Fabeni Habkost amplia atua\u00e7\u00e3o na advocacia com foco em Direito P\u00fablico, Penal e defesa estrat\u00e9gica - Fyno","isPartOf":{"@id":"https:\/\/fyno.pt\/#website"},"primaryImageOfPage":{"@id":"https:\/\/fyno.pt\/noticias\/thiago-fabeni-habkost-amplia-atuacao-na-advocacia-com-foco-em-direito-publico-penal-e-defesa-estrategica\/#primaryimage"},"image":{"@id":"https:\/\/fyno.pt\/noticias\/thiago-fabeni-habkost-amplia-atuacao-na-advocacia-com-foco-em-direito-publico-penal-e-defesa-estrategica\/#primaryimage"},"thumbnailUrl":"https:\/\/fyno.pt\/wp-content\/uploads\/2026\/08\/img_0879.jpeg","datePublished":"2026-08-28T01:03:26+00:00","author":{"@id":"https:\/\/fyno.pt\/#\/schema\/person\/ab5b330ed5ed05f1b4a7b8e438f68187"},"breadcrumb":{"@id":"https:\/\/fyno.pt\/noticias\/thiago-fabeni-habkost-amplia-atuacao-na-advocacia-com-foco-em-direito-publico-penal-e-defesa-estrategica\/#breadcrumb"},"inLanguage":"pt-PT","potentialAction":[{"@type":"ReadAction","target":["https:\/\/fyno.pt\/noticias\/thiago-fabeni-habkost-amplia-atuacao-na-advocacia-com-foco-em-direito-publico-penal-e-defesa-estrategica\/"]}]},{"@type":"ImageObject","inLanguage":"pt-PT","@id":"https:\/\/fyno.pt\/noticias\/thiago-fabeni-habkost-amplia-atuacao-na-advocacia-com-foco-em-direito-publico-penal-e-defesa-estrategica\/#primaryimage","url":"https:\/\/fyno.pt\/wp-content\/uploads\/2026\/08\/img_0879.jpeg","contentUrl":"https:\/\/fyno.pt\/wp-content\/uploads\/2026\/08\/img_0879.jpeg","width":495,"height":309},{"@type":"BreadcrumbList","@id":"https:\/\/fyno.pt\/noticias\/thiago-fabeni-habkost-amplia-atuacao-na-advocacia-com-foco-em-direito-publico-penal-e-defesa-estrategica\/#breadcrumb","itemListElement":[{"@type":"ListItem","position":1,"name":"In\u00edcio","item":"https:\/\/fyno.pt\/"},{"@type":"ListItem","position":2,"name":"Thiago Fabeni Habkost amplia atua\u00e7\u00e3o na advocacia com foco em Direito P\u00fablico, Penal e defesa estrat\u00e9gica"}]},{"@type":"WebSite","@id":"https:\/\/fyno.pt\/#website","url":"https:\/\/fyno.pt\/","name":"Fyno","description":"Not\u00edcia e informa\u00e7\u00e3o","potentialAction":[{"@type":"SearchAction","target":{"@type":"EntryPoint","urlTemplate":"https:\/\/fyno.pt\/?s={search_term_string}"},"query-input":{"@type":"PropertyValueSpecification","valueRequired":true,"valueName":"search_term_string"}}],"inLanguage":"pt-PT"},{"@type":"Person","@id":"https:\/\/fyno.pt\/#\/schema\/person\/ab5b330ed5ed05f1b4a7b8e438f68187","name":"Fyno","image":{"@type":"ImageObject","inLanguage":"pt-PT","@id":"https:\/\/fyno.pt\/wp-content\/litespeed\/avatar\/8f51870e8d94c234e288da840d914372.jpg?ver=1788205134","url":"https:\/\/fyno.pt\/wp-content\/litespeed\/avatar\/8f51870e8d94c234e288da840d914372.jpg?ver=1788205134","contentUrl":"https:\/\/fyno.pt\/wp-content\/litespeed\/avatar\/8f51870e8d94c234e288da840d914372.jpg?ver=1788205134","caption":"Fyno"},"description":"A sua fonte de informa\u00e7\u00e3o.","url":"https:\/\/fyno.pt\/pt\/author\/fynopt\/"}]}},"_links":{"self":[{"href":"https:\/\/fyno.pt\/pt\/wp-json\/wp\/v2\/posts\/43286","targetHints":{"allow":["GET"]}}],"collection":[{"href":"https:\/\/fyno.pt\/pt\/wp-json\/wp\/v2\/posts"}],"about":[{"href":"https:\/\/fyno.pt\/pt\/wp-json\/wp\/v2\/types\/post"}],"author":[{"embeddable":true,"href":"https:\/\/fyno.pt\/pt\/wp-json\/wp\/v2\/users\/9"}],"replies":[{"embeddable":true,"href":"https:\/\/fyno.pt\/pt\/wp-json\/wp\/v2\/comments?post=43286"}],"version-history":[{"count":1,"href":"https:\/\/fyno.pt\/pt\/wp-json\/wp\/v2\/posts\/43286\/revisions"}],"predecessor-version":[{"id":43287,"href":"https:\/\/fyno.pt\/pt\/wp-json\/wp\/v2\/posts\/43286\/revisions\/43287"}],"wp:featuredmedia":[{"embeddable":true,"href":"https:\/\/fyno.pt\/pt\/wp-json\/wp\/v2\/media\/43285"}],"wp:attachment":[{"href":"https:\/\/fyno.pt\/pt\/wp-json\/wp\/v2\/media?parent=43286"}],"wp:term":[{"taxonomy":"category","embeddable":true,"href":"https:\/\/fyno.pt\/pt\/wp-json\/wp\/v2\/categories?post=43286"},{"taxonomy":"post_tag","embeddable":true,"href":"https:\/\/fyno.pt\/pt\/wp-json\/wp\/v2\/tags?post=43286"}],"curies":[{"name":"wp","href":"https:\/\/api.w.org\/{rel}","templated":true}]}}