{"id":43283,"date":"2026-08-27T19:02:12","date_gmt":"2026-08-27T22:02:12","guid":{"rendered":"https:\/\/fyno.pt\/?p=43283"},"modified":"2026-08-27T19:02:12","modified_gmt":"2026-08-27T22:02:12","slug":"joao-barbosa-transforma-experiencia-em-estrategia-e-se-consolida-como-referencia-em-vendas-e-desenvolvimento-comercial","status":"publish","type":"post","link":"https:\/\/fyno.pt\/pt\/negocios\/joao-barbosa-transforma-experiencia-em-estrategia-e-se-consolida-como-referencia-em-vendas-e-desenvolvimento-comercial\/","title":{"rendered":"Jo\u00e3o Barbosa transforma experi\u00eancia em estrat\u00e9gia e se consolida como refer\u00eancia em vendas e desenvolvimento comercial"},"content":{"rendered":"<h5 class=\"wp-block-heading\"><strong><em>Com mais de duas d\u00e9cadas de atua\u00e7\u00e3o na \u00e1rea comercial, profissional mineiro trabalha com consultoria, mentorias e palestras voltadas \u00e0 constru\u00e7\u00e3o de processos de vendas mais eficientes<\/em><\/strong><\/h5>\n\n\n\n<p class=\"p2\">Em um mercado cada vez mais competitivo, vender deixou de ser apenas uma quest\u00e3o de persuas\u00e3o. Empresas que buscam crescimento precisam estruturar processos, compreender o comportamento do consumidor e preparar suas equipes para transformar oportunidades em resultados. \u00c9 nesse cen\u00e1rio que atua <strong>Jo\u00e3o Barbosa<\/strong>, profissional que se apresenta como estrategista de vendas e vem construindo uma trajet\u00f3ria dedicada \u00e0 estrat\u00e9gia comercial, ao desenvolvimento de equipes e \u00e0 forma\u00e7\u00e3o de profissionais.<\/p>\n\n\n\n<p class=\"p2\">Com mais de 20 anos de experi\u00eancia na \u00e1rea comercial, Barbosa desenvolveu uma metodologia baseada em tr\u00eas pilares: <strong>Mentalidade, Atitude e Processo (MAP)<\/strong>. A proposta parte da compreens\u00e3o de que resultados consistentes n\u00e3o dependem exclusivamente do talento individual de um vendedor, mas da combina\u00e7\u00e3o entre preparo, comportamento e processos capazes de serem replicados e acompanhados.&nbsp;<\/p>\n\n\n\n<p class=\"p2\">Sua atua\u00e7\u00e3o re\u00fane diferentes frentes. Jo\u00e3o trabalha como <strong>mentor, consultor e palestrante<\/strong>, com especializa\u00e7\u00e3o em vendas B2B e networking empresarial. Tamb\u00e9m possui experi\u00eancia como empres\u00e1rio nas \u00e1reas de tecnologia e treinamentos de alto impacto e atua como comentarista na R\u00e1dio Itatiaia.&nbsp;<\/p>\n\n\n\n<h2 class=\"wp-block-heading\"><strong>Estrat\u00e9gia comercial como ferramenta de crescimento<\/strong><\/h2>\n\n\n\n<p class=\"p2\">A carreira de Jo\u00e3o Barbosa est\u00e1 diretamente relacionada \u00e0 defesa de uma vis\u00e3o mais estruturada do processo de vendas. Para ele, uma opera\u00e7\u00e3o comercial precisa ser organizada para que os resultados n\u00e3o dependam exclusivamente de improviso ou de caracter\u00edsticas individuais dos vendedores.<\/p>\n\n\n\n<p class=\"p2\">Essa vis\u00e3o aparece tamb\u00e9m em sua atua\u00e7\u00e3o profissional e em conte\u00fados publicados sobre <strong>processos de vendas B2B, negocia\u00e7\u00e3o, gera\u00e7\u00e3o de leads, atendimento ao cliente e consultoria empresarial<\/strong>. Seu perfil profissional re\u00fane justamente essas \u00e1reas entre os servi\u00e7os oferecidos.&nbsp;<\/p>\n\n\n\n<p class=\"p2\">A experi\u00eancia acumulada ao longo dos anos tamb\u00e9m levou Barbosa para os palcos. Como palestrante, ele passou a transformar sua viv\u00eancia profissional em conte\u00fado voltado a empresas e equipes comerciais.<\/p>\n\n\n\n<p class=\"p2\">Em uma de suas participa\u00e7\u00f5es recentes, integrou a programa\u00e7\u00e3o da <strong>25\u00aa Confer\u00eancia Nacional de Vendas<\/strong>, realizada em Belo Horizonte, onde apresentou o m\u00e9todo MAP e falou sobre mentalidade, atitude e processo para profissionais que trabalham diretamente com resultados comerciais.&nbsp;<\/p>\n\n\n\n<h2 class=\"wp-block-heading\"><strong>O vendedor como parte de um sistema<\/strong><\/h2>\n\n\n\n<figure class=\"wp-block-image size-large\"><img fetchpriority=\"high\" decoding=\"async\" width=\"1024\" height=\"952\" src=\"https:\/\/fyno.pt\/wp-content\/uploads\/2026\/08\/img_0862-1024x952.jpeg\" class=\"wp-image-43282\" srcset=\"https:\/\/fyno.pt\/wp-content\/uploads\/2026\/08\/img_0862-1024x952.jpeg 1024w, https:\/\/fyno.pt\/wp-content\/uploads\/2026\/08\/img_0862-300x279.jpeg 300w, https:\/\/fyno.pt\/wp-content\/uploads\/2026\/08\/img_0862-768x714.jpeg 768w, https:\/\/fyno.pt\/wp-content\/uploads\/2026\/08\/img_0862-13x12.jpeg 13w, https:\/\/fyno.pt\/wp-content\/uploads\/2026\/08\/img_0862-750x697.jpeg 750w, https:\/\/fyno.pt\/wp-content\/uploads\/2026\/08\/img_0862.jpeg 1125w\" sizes=\"(max-width: 1024px) 100vw, 1024px\" \/><\/figure>\n\n\n\n<p class=\"p2\">Uma das principais caracter\u00edsticas da abordagem de Jo\u00e3o Barbosa \u00e9 justamente tirar o foco da ideia de que vender bem depende apenas de talento.<\/p>\n\n\n\n<p class=\"p2\">A constru\u00e7\u00e3o de uma opera\u00e7\u00e3o comercial eficiente, segundo a metodologia apresentada pelo profissional, passa pela cria\u00e7\u00e3o de processos, treinamento das equipes, desenvolvimento de h\u00e1bitos de gest\u00e3o e utiliza\u00e7\u00e3o de tecnologia como ferramenta de apoio \u00e0 atividade comercial.&nbsp;<\/p>\n\n\n\n<p class=\"p2\">\u00c9 uma perspectiva que ganha relev\u00e2ncia principalmente no mercado B2B, no qual ciclos de venda costumam envolver diferentes etapas, tomadores de decis\u00e3o e relacionamentos de longo prazo.<\/p>\n\n\n\n<p class=\"p2\">Nesse ambiente, o conhecimento t\u00e9cnico precisa caminhar ao lado da capacidade de construir relacionamentos. \u00c9 a\u00ed que o <strong>networking<\/strong> tamb\u00e9m aparece como parte importante de sua trajet\u00f3ria.<\/p>\n\n\n\n<p class=\"p2\">Em publica\u00e7\u00e3o sobre o tema, Barbosa defende o uso estrat\u00e9gico das conex\u00f5es profissionais como forma de aproximar neg\u00f3cios e acelerar oportunidades, destacando que uma rede de contatos bem estruturada pode contribuir para encurtar caminhos no desenvolvimento empresarial.&nbsp;<\/p>\n\n\n\n<h2 class=\"wp-block-heading\"><strong>Do conhecimento \u00e0 forma\u00e7\u00e3o de profissionais<\/strong><\/h2>\n\n\n\n<p class=\"p2\">Al\u00e9m da consultoria, Jo\u00e3o Barbosa tem ampliado sua presen\u00e7a como educador no mercado de vendas.<\/p>\n\n\n\n<p class=\"p2\">O projeto <strong>\u201cO Jogo das Vendas\u201d<\/strong> tornou-se uma das marcas associadas ao seu trabalho. A proposta aborda temas como produtividade comercial, processos, previsibilidade e constru\u00e7\u00e3o de uma cultura de vendas. Em eventos de capacita\u00e7\u00e3o, Barbosa aparece como palestrante justamente para discutir como equipes podem sair da depend\u00eancia de resultados individuais e construir uma opera\u00e7\u00e3o comercial mais organizada.&nbsp;<\/p>\n\n\n\n<p class=\"p2\">Essa atua\u00e7\u00e3o tamb\u00e9m passa pela produ\u00e7\u00e3o de conte\u00fado. Em seu perfil profissional, Barbosa publica materiais voltados \u00e0 estrutura\u00e7\u00e3o de processos de vendas B2B, networking e desenvolvimento comercial, mantendo uma presen\u00e7a ativa no debate sobre estrat\u00e9gias para empresas e profissionais.&nbsp;<\/p>\n\n\n\n<h2 class=\"wp-block-heading\"><strong>Uma carreira constru\u00edda sobre m\u00e9todo<\/strong><\/h2>\n\n\n\n<p class=\"p2\">A trajet\u00f3ria de Jo\u00e3o Barbosa mostra uma mudan\u00e7a importante no pr\u00f3prio mercado de vendas: a valoriza\u00e7\u00e3o crescente de profissionais capazes n\u00e3o apenas de vender, mas de <strong>ensinar empresas a vender melhor<\/strong>.<\/p>\n\n\n\n<p class=\"p2\">Sua experi\u00eancia re\u00fane atua\u00e7\u00e3o comercial, consultoria, treinamento, palestras e produ\u00e7\u00e3o de conte\u00fado. O resultado \u00e9 uma carreira posicionada na interse\u00e7\u00e3o entre vendas, gest\u00e3o e desenvolvimento de neg\u00f3cios.<\/p>\n\n\n\n<p class=\"p2\">Em vez de apresentar a venda como um acontecimento isolado, Barbosa trabalha com a ideia de que resultados precisam ser constru\u00eddos diariamente, a partir de processos claros, equipes preparadas e estrat\u00e9gias capazes de gerar previsibilidade.<\/p>\n\n\n\n<p class=\"p2\">\u00c9 uma abordagem particularmente relevante em um momento no qual empresas buscam crescer sem perder efici\u00eancia e precisam transformar o departamento comercial em uma \u00e1rea cada vez mais estrat\u00e9gica.<\/p>\n\n\n\n<p class=\"p2\">No mercado, onde resultados s\u00e3o frequentemente associados apenas aos n\u00fameros finais, profissionais como Jo\u00e3o Barbosa ajudam a chamar aten\u00e7\u00e3o para aquilo que acontece antes do fechamento de um neg\u00f3cio: <strong>planejamento, prepara\u00e7\u00e3o, relacionamento e m\u00e9todo<\/strong>.<\/p>\n\n\n\n<p class=\"p3\">E \u00e9 justamente nesse espa\u00e7o entre a estrat\u00e9gia e a execu\u00e7\u00e3o que o trabalho do <strong>Estrategista das Vendas<\/strong> vem ganhando espa\u00e7o.&nbsp;<\/p>","protected":false},"excerpt":{"rendered":"<p>Com mais de duas d\u00e9cadas de atua\u00e7\u00e3o na \u00e1rea comercial, profissional mineiro trabalha com consultoria, mentorias e palestras voltadas \u00e0 constru\u00e7\u00e3o de processos de vendas mais eficientes Em um mercado cada vez mais competitivo, vender deixou de ser apenas uma quest\u00e3o de persuas\u00e3o. Empresas que buscam crescimento precisam estruturar processos, compreender o comportamento do consumidor [&hellip;]<\/p>\n","protected":false},"author":9,"featured_media":43281,"comment_status":"closed","ping_status":"open","sticky":false,"template":"","format":"standard","meta":{"footnotes":""},"categories":[559],"tags":[],"class_list":["post-43283","post","type-post","status-publish","format-standard","has-post-thumbnail","hentry","category-negocios"],"yoast_head":"<!-- This site is optimized with the Yoast SEO Premium plugin v27.9 (Yoast SEO v27.9) - https:\/\/yoast.com\/product\/yoast-seo-premium-wordpress\/ -->\n<title>Jo\u00e3o Barbosa transforma experi\u00eancia em estrat\u00e9gia e se consolida como refer\u00eancia em vendas e desenvolvimento comercial - Fyno<\/title>\n<meta name=\"robots\" content=\"index, follow, max-snippet:-1, max-image-preview:large, max-video-preview:-1\" \/>\n<link rel=\"canonical\" href=\"https:\/\/fyno.pt\/pt\/negocios\/joao-barbosa-transforma-experiencia-em-estrategia-e-se-consolida-como-referencia-em-vendas-e-desenvolvimento-comercial\/\" \/>\n<meta property=\"og:locale\" content=\"pt_PT\" \/>\n<meta property=\"og:type\" content=\"article\" \/>\n<meta property=\"og:title\" content=\"Jo\u00e3o Barbosa transforma experi\u00eancia em estrat\u00e9gia e se consolida como refer\u00eancia em vendas e desenvolvimento comercial\" \/>\n<meta property=\"og:description\" content=\"Com mais de duas d\u00e9cadas de atua\u00e7\u00e3o na \u00e1rea comercial, profissional mineiro trabalha com consultoria, mentorias e palestras voltadas \u00e0 constru\u00e7\u00e3o de processos de vendas mais eficientes Em um mercado cada vez mais competitivo, vender deixou de ser apenas uma quest\u00e3o de persuas\u00e3o. Empresas que buscam crescimento precisam estruturar processos, compreender o comportamento do consumidor [&hellip;]\" \/>\n<meta property=\"og:url\" content=\"https:\/\/fyno.pt\/pt\/negocios\/joao-barbosa-transforma-experiencia-em-estrategia-e-se-consolida-como-referencia-em-vendas-e-desenvolvimento-comercial\/\" \/>\n<meta property=\"og:site_name\" content=\"Fyno\" \/>\n<meta property=\"article:published_time\" content=\"2026-08-27T22:02:12+00:00\" \/>\n<meta property=\"og:image\" content=\"https:\/\/fyno.pt\/wp-content\/uploads\/2026\/08\/img_0861.jpeg\" \/>\n\t<meta property=\"og:image:width\" content=\"1125\" \/>\n\t<meta property=\"og:image:height\" content=\"646\" \/>\n\t<meta property=\"og:image:type\" content=\"image\/jpeg\" \/>\n<meta name=\"author\" content=\"Fyno\" \/>\n<meta name=\"twitter:card\" content=\"summary_large_image\" \/>\n<meta name=\"twitter:label1\" content=\"Escrito por\" \/>\n\t<meta name=\"twitter:data1\" content=\"Fyno\" \/>\n\t<meta name=\"twitter:label2\" content=\"Tempo estimado de leitura\" \/>\n\t<meta name=\"twitter:data2\" content=\"5 minutos\" \/>\n<script type=\"application\/ld+json\" class=\"yoast-schema-graph\">{\"@context\":\"https:\\\/\\\/schema.org\",\"@graph\":[{\"@type\":\"Article\",\"@id\":\"https:\\\/\\\/fyno.pt\\\/negocios\\\/joao-barbosa-transforma-experiencia-em-estrategia-e-se-consolida-como-referencia-em-vendas-e-desenvolvimento-comercial\\\/#article\",\"isPartOf\":{\"@id\":\"https:\\\/\\\/fyno.pt\\\/negocios\\\/joao-barbosa-transforma-experiencia-em-estrategia-e-se-consolida-como-referencia-em-vendas-e-desenvolvimento-comercial\\\/\"},\"author\":{\"name\":\"Fyno\",\"@id\":\"https:\\\/\\\/fyno.pt\\\/#\\\/schema\\\/person\\\/ab5b330ed5ed05f1b4a7b8e438f68187\"},\"headline\":\"Jo\u00e3o Barbosa transforma experi\u00eancia em estrat\u00e9gia e se consolida como refer\u00eancia em vendas e desenvolvimento comercial\",\"datePublished\":\"2026-08-27T22:02:12+00:00\",\"mainEntityOfPage\":{\"@id\":\"https:\\\/\\\/fyno.pt\\\/negocios\\\/joao-barbosa-transforma-experiencia-em-estrategia-e-se-consolida-como-referencia-em-vendas-e-desenvolvimento-comercial\\\/\"},\"wordCount\":931,\"image\":{\"@id\":\"https:\\\/\\\/fyno.pt\\\/negocios\\\/joao-barbosa-transforma-experiencia-em-estrategia-e-se-consolida-como-referencia-em-vendas-e-desenvolvimento-comercial\\\/#primaryimage\"},\"thumbnailUrl\":\"https:\\\/\\\/fyno.pt\\\/wp-content\\\/uploads\\\/2026\\\/08\\\/img_0861.jpeg\",\"articleSection\":[\"Neg\u00f3cios\"],\"inLanguage\":\"pt-PT\"},{\"@type\":\"WebPage\",\"@id\":\"https:\\\/\\\/fyno.pt\\\/negocios\\\/joao-barbosa-transforma-experiencia-em-estrategia-e-se-consolida-como-referencia-em-vendas-e-desenvolvimento-comercial\\\/\",\"url\":\"https:\\\/\\\/fyno.pt\\\/negocios\\\/joao-barbosa-transforma-experiencia-em-estrategia-e-se-consolida-como-referencia-em-vendas-e-desenvolvimento-comercial\\\/\",\"name\":\"Jo\u00e3o Barbosa transforma experi\u00eancia em estrat\u00e9gia e se consolida como refer\u00eancia em vendas e desenvolvimento comercial - Fyno\",\"isPartOf\":{\"@id\":\"https:\\\/\\\/fyno.pt\\\/#website\"},\"primaryImageOfPage\":{\"@id\":\"https:\\\/\\\/fyno.pt\\\/negocios\\\/joao-barbosa-transforma-experiencia-em-estrategia-e-se-consolida-como-referencia-em-vendas-e-desenvolvimento-comercial\\\/#primaryimage\"},\"image\":{\"@id\":\"https:\\\/\\\/fyno.pt\\\/negocios\\\/joao-barbosa-transforma-experiencia-em-estrategia-e-se-consolida-como-referencia-em-vendas-e-desenvolvimento-comercial\\\/#primaryimage\"},\"thumbnailUrl\":\"https:\\\/\\\/fyno.pt\\\/wp-content\\\/uploads\\\/2026\\\/08\\\/img_0861.jpeg\",\"datePublished\":\"2026-08-27T22:02:12+00:00\",\"author\":{\"@id\":\"https:\\\/\\\/fyno.pt\\\/#\\\/schema\\\/person\\\/ab5b330ed5ed05f1b4a7b8e438f68187\"},\"breadcrumb\":{\"@id\":\"https:\\\/\\\/fyno.pt\\\/negocios\\\/joao-barbosa-transforma-experiencia-em-estrategia-e-se-consolida-como-referencia-em-vendas-e-desenvolvimento-comercial\\\/#breadcrumb\"},\"inLanguage\":\"pt-PT\",\"potentialAction\":[{\"@type\":\"ReadAction\",\"target\":[\"https:\\\/\\\/fyno.pt\\\/negocios\\\/joao-barbosa-transforma-experiencia-em-estrategia-e-se-consolida-como-referencia-em-vendas-e-desenvolvimento-comercial\\\/\"]}]},{\"@type\":\"ImageObject\",\"inLanguage\":\"pt-PT\",\"@id\":\"https:\\\/\\\/fyno.pt\\\/negocios\\\/joao-barbosa-transforma-experiencia-em-estrategia-e-se-consolida-como-referencia-em-vendas-e-desenvolvimento-comercial\\\/#primaryimage\",\"url\":\"https:\\\/\\\/fyno.pt\\\/wp-content\\\/uploads\\\/2026\\\/08\\\/img_0861.jpeg\",\"contentUrl\":\"https:\\\/\\\/fyno.pt\\\/wp-content\\\/uploads\\\/2026\\\/08\\\/img_0861.jpeg\",\"width\":1125,\"height\":646,\"caption\":\"Foto Reprodu\u00e7\u00e3o\"},{\"@type\":\"BreadcrumbList\",\"@id\":\"https:\\\/\\\/fyno.pt\\\/negocios\\\/joao-barbosa-transforma-experiencia-em-estrategia-e-se-consolida-como-referencia-em-vendas-e-desenvolvimento-comercial\\\/#breadcrumb\",\"itemListElement\":[{\"@type\":\"ListItem\",\"position\":1,\"name\":\"In\u00edcio\",\"item\":\"https:\\\/\\\/fyno.pt\\\/\"},{\"@type\":\"ListItem\",\"position\":2,\"name\":\"Jo\u00e3o Barbosa transforma experi\u00eancia em estrat\u00e9gia e se consolida como refer\u00eancia em vendas e desenvolvimento comercial\"}]},{\"@type\":\"WebSite\",\"@id\":\"https:\\\/\\\/fyno.pt\\\/#website\",\"url\":\"https:\\\/\\\/fyno.pt\\\/\",\"name\":\"Fyno\",\"description\":\"Not\u00edcia e informa\u00e7\u00e3o\",\"potentialAction\":[{\"@type\":\"SearchAction\",\"target\":{\"@type\":\"EntryPoint\",\"urlTemplate\":\"https:\\\/\\\/fyno.pt\\\/?s={search_term_string}\"},\"query-input\":{\"@type\":\"PropertyValueSpecification\",\"valueRequired\":true,\"valueName\":\"search_term_string\"}}],\"inLanguage\":\"pt-PT\"},{\"@type\":\"Person\",\"@id\":\"https:\\\/\\\/fyno.pt\\\/#\\\/schema\\\/person\\\/ab5b330ed5ed05f1b4a7b8e438f68187\",\"name\":\"Fyno\",\"image\":{\"@type\":\"ImageObject\",\"inLanguage\":\"pt-PT\",\"@id\":\"https:\\\/\\\/fyno.pt\\\/wp-content\\\/litespeed\\\/avatar\\\/8f51870e8d94c234e288da840d914372.jpg?ver=1788205134\",\"url\":\"https:\\\/\\\/fyno.pt\\\/wp-content\\\/litespeed\\\/avatar\\\/8f51870e8d94c234e288da840d914372.jpg?ver=1788205134\",\"contentUrl\":\"https:\\\/\\\/fyno.pt\\\/wp-content\\\/litespeed\\\/avatar\\\/8f51870e8d94c234e288da840d914372.jpg?ver=1788205134\",\"caption\":\"Fyno\"},\"description\":\"A sua fonte de informa\u00e7\u00e3o.\",\"url\":\"https:\\\/\\\/fyno.pt\\\/pt\\\/author\\\/fynopt\\\/\"}]}<\/script>\n<!-- \/ Yoast SEO Premium plugin. -->","yoast_head_json":{"title":"Jo\u00e3o Barbosa transforma experi\u00eancia em estrat\u00e9gia e se consolida como refer\u00eancia em vendas e desenvolvimento comercial - Fyno","robots":{"index":"index","follow":"follow","max-snippet":"max-snippet:-1","max-image-preview":"max-image-preview:large","max-video-preview":"max-video-preview:-1"},"canonical":"https:\/\/fyno.pt\/pt\/negocios\/joao-barbosa-transforma-experiencia-em-estrategia-e-se-consolida-como-referencia-em-vendas-e-desenvolvimento-comercial\/","og_locale":"pt_PT","og_type":"article","og_title":"Jo\u00e3o Barbosa transforma experi\u00eancia em estrat\u00e9gia e se consolida como refer\u00eancia em vendas e desenvolvimento comercial","og_description":"Com mais de duas d\u00e9cadas de atua\u00e7\u00e3o na \u00e1rea comercial, profissional mineiro trabalha com consultoria, mentorias e palestras voltadas \u00e0 constru\u00e7\u00e3o de processos de vendas mais eficientes Em um mercado cada vez mais competitivo, vender deixou de ser apenas uma quest\u00e3o de persuas\u00e3o. Empresas que buscam crescimento precisam estruturar processos, compreender o comportamento do consumidor [&hellip;]","og_url":"https:\/\/fyno.pt\/pt\/negocios\/joao-barbosa-transforma-experiencia-em-estrategia-e-se-consolida-como-referencia-em-vendas-e-desenvolvimento-comercial\/","og_site_name":"Fyno","article_published_time":"2026-08-27T22:02:12+00:00","og_image":[{"width":1125,"height":646,"url":"https:\/\/fyno.pt\/wp-content\/uploads\/2026\/08\/img_0861.jpeg","type":"image\/jpeg"}],"author":"Fyno","twitter_card":"summary_large_image","twitter_misc":{"Escrito por":"Fyno","Tempo estimado de leitura":"5 minutos"},"schema":{"@context":"https:\/\/schema.org","@graph":[{"@type":"Article","@id":"https:\/\/fyno.pt\/negocios\/joao-barbosa-transforma-experiencia-em-estrategia-e-se-consolida-como-referencia-em-vendas-e-desenvolvimento-comercial\/#article","isPartOf":{"@id":"https:\/\/fyno.pt\/negocios\/joao-barbosa-transforma-experiencia-em-estrategia-e-se-consolida-como-referencia-em-vendas-e-desenvolvimento-comercial\/"},"author":{"name":"Fyno","@id":"https:\/\/fyno.pt\/#\/schema\/person\/ab5b330ed5ed05f1b4a7b8e438f68187"},"headline":"Jo\u00e3o Barbosa transforma experi\u00eancia em estrat\u00e9gia e se consolida como refer\u00eancia em vendas e desenvolvimento comercial","datePublished":"2026-08-27T22:02:12+00:00","mainEntityOfPage":{"@id":"https:\/\/fyno.pt\/negocios\/joao-barbosa-transforma-experiencia-em-estrategia-e-se-consolida-como-referencia-em-vendas-e-desenvolvimento-comercial\/"},"wordCount":931,"image":{"@id":"https:\/\/fyno.pt\/negocios\/joao-barbosa-transforma-experiencia-em-estrategia-e-se-consolida-como-referencia-em-vendas-e-desenvolvimento-comercial\/#primaryimage"},"thumbnailUrl":"https:\/\/fyno.pt\/wp-content\/uploads\/2026\/08\/img_0861.jpeg","articleSection":["Neg\u00f3cios"],"inLanguage":"pt-PT"},{"@type":"WebPage","@id":"https:\/\/fyno.pt\/negocios\/joao-barbosa-transforma-experiencia-em-estrategia-e-se-consolida-como-referencia-em-vendas-e-desenvolvimento-comercial\/","url":"https:\/\/fyno.pt\/negocios\/joao-barbosa-transforma-experiencia-em-estrategia-e-se-consolida-como-referencia-em-vendas-e-desenvolvimento-comercial\/","name":"Jo\u00e3o Barbosa transforma experi\u00eancia em estrat\u00e9gia e se consolida como refer\u00eancia em vendas e desenvolvimento comercial - Fyno","isPartOf":{"@id":"https:\/\/fyno.pt\/#website"},"primaryImageOfPage":{"@id":"https:\/\/fyno.pt\/negocios\/joao-barbosa-transforma-experiencia-em-estrategia-e-se-consolida-como-referencia-em-vendas-e-desenvolvimento-comercial\/#primaryimage"},"image":{"@id":"https:\/\/fyno.pt\/negocios\/joao-barbosa-transforma-experiencia-em-estrategia-e-se-consolida-como-referencia-em-vendas-e-desenvolvimento-comercial\/#primaryimage"},"thumbnailUrl":"https:\/\/fyno.pt\/wp-content\/uploads\/2026\/08\/img_0861.jpeg","datePublished":"2026-08-27T22:02:12+00:00","author":{"@id":"https:\/\/fyno.pt\/#\/schema\/person\/ab5b330ed5ed05f1b4a7b8e438f68187"},"breadcrumb":{"@id":"https:\/\/fyno.pt\/negocios\/joao-barbosa-transforma-experiencia-em-estrategia-e-se-consolida-como-referencia-em-vendas-e-desenvolvimento-comercial\/#breadcrumb"},"inLanguage":"pt-PT","potentialAction":[{"@type":"ReadAction","target":["https:\/\/fyno.pt\/negocios\/joao-barbosa-transforma-experiencia-em-estrategia-e-se-consolida-como-referencia-em-vendas-e-desenvolvimento-comercial\/"]}]},{"@type":"ImageObject","inLanguage":"pt-PT","@id":"https:\/\/fyno.pt\/negocios\/joao-barbosa-transforma-experiencia-em-estrategia-e-se-consolida-como-referencia-em-vendas-e-desenvolvimento-comercial\/#primaryimage","url":"https:\/\/fyno.pt\/wp-content\/uploads\/2026\/08\/img_0861.jpeg","contentUrl":"https:\/\/fyno.pt\/wp-content\/uploads\/2026\/08\/img_0861.jpeg","width":1125,"height":646,"caption":"Foto Reprodu\u00e7\u00e3o"},{"@type":"BreadcrumbList","@id":"https:\/\/fyno.pt\/negocios\/joao-barbosa-transforma-experiencia-em-estrategia-e-se-consolida-como-referencia-em-vendas-e-desenvolvimento-comercial\/#breadcrumb","itemListElement":[{"@type":"ListItem","position":1,"name":"In\u00edcio","item":"https:\/\/fyno.pt\/"},{"@type":"ListItem","position":2,"name":"Jo\u00e3o Barbosa transforma experi\u00eancia em estrat\u00e9gia e se consolida como refer\u00eancia em vendas e desenvolvimento comercial"}]},{"@type":"WebSite","@id":"https:\/\/fyno.pt\/#website","url":"https:\/\/fyno.pt\/","name":"Fyno","description":"Not\u00edcia e informa\u00e7\u00e3o","potentialAction":[{"@type":"SearchAction","target":{"@type":"EntryPoint","urlTemplate":"https:\/\/fyno.pt\/?s={search_term_string}"},"query-input":{"@type":"PropertyValueSpecification","valueRequired":true,"valueName":"search_term_string"}}],"inLanguage":"pt-PT"},{"@type":"Person","@id":"https:\/\/fyno.pt\/#\/schema\/person\/ab5b330ed5ed05f1b4a7b8e438f68187","name":"Fyno","image":{"@type":"ImageObject","inLanguage":"pt-PT","@id":"https:\/\/fyno.pt\/wp-content\/litespeed\/avatar\/8f51870e8d94c234e288da840d914372.jpg?ver=1788205134","url":"https:\/\/fyno.pt\/wp-content\/litespeed\/avatar\/8f51870e8d94c234e288da840d914372.jpg?ver=1788205134","contentUrl":"https:\/\/fyno.pt\/wp-content\/litespeed\/avatar\/8f51870e8d94c234e288da840d914372.jpg?ver=1788205134","caption":"Fyno"},"description":"A sua fonte de informa\u00e7\u00e3o.","url":"https:\/\/fyno.pt\/pt\/author\/fynopt\/"}]}},"_links":{"self":[{"href":"https:\/\/fyno.pt\/pt\/wp-json\/wp\/v2\/posts\/43283","targetHints":{"allow":["GET"]}}],"collection":[{"href":"https:\/\/fyno.pt\/pt\/wp-json\/wp\/v2\/posts"}],"about":[{"href":"https:\/\/fyno.pt\/pt\/wp-json\/wp\/v2\/types\/post"}],"author":[{"embeddable":true,"href":"https:\/\/fyno.pt\/pt\/wp-json\/wp\/v2\/users\/9"}],"replies":[{"embeddable":true,"href":"https:\/\/fyno.pt\/pt\/wp-json\/wp\/v2\/comments?post=43283"}],"version-history":[{"count":1,"href":"https:\/\/fyno.pt\/pt\/wp-json\/wp\/v2\/posts\/43283\/revisions"}],"predecessor-version":[{"id":43284,"href":"https:\/\/fyno.pt\/pt\/wp-json\/wp\/v2\/posts\/43283\/revisions\/43284"}],"wp:featuredmedia":[{"embeddable":true,"href":"https:\/\/fyno.pt\/pt\/wp-json\/wp\/v2\/media\/43281"}],"wp:attachment":[{"href":"https:\/\/fyno.pt\/pt\/wp-json\/wp\/v2\/media?parent=43283"}],"wp:term":[{"taxonomy":"category","embeddable":true,"href":"https:\/\/fyno.pt\/pt\/wp-json\/wp\/v2\/categories?post=43283"},{"taxonomy":"post_tag","embeddable":true,"href":"https:\/\/fyno.pt\/pt\/wp-json\/wp\/v2\/tags?post=43283"}],"curies":[{"name":"wp","href":"https:\/\/api.w.org\/{rel}","templated":true}]}}