{"id":43279,"date":"2026-08-27T10:08:42","date_gmt":"2026-08-27T13:08:42","guid":{"rendered":"https:\/\/fyno.pt\/?p=43279"},"modified":"2026-08-27T10:08:42","modified_gmt":"2026-08-27T13:08:42","slug":"djavu-vira-a-pagina-sem-apagar-o-passado-e-aposta-em-novas-vozes-para-reencontrar-o-grande-publico","status":"publish","type":"post","link":"https:\/\/fyno.pt\/pt\/musica\/djavu-vira-a-pagina-sem-apagar-o-passado-e-aposta-em-novas-vozes-para-reencontrar-o-grande-publico\/","title":{"rendered":"Djav\u00fa vira a p\u00e1gina sem apagar o passado e aposta em novas vozes para reencontrar o grande p\u00fablico"},"content":{"rendered":"<p class=\"p3\"><strong><em>Nova forma\u00e7\u00e3o coloca duas cantoras no centro do palco e sinaliza uma fase de renova\u00e7\u00e3o para uma das bandas mais reconhecidas da m\u00fasica popular brasileira<\/em><\/strong><\/p>\n\n\n\n<p class=\"p4\">A m\u00fasica tem uma caracter\u00edstica que poucas outras formas de arte conseguem reproduzir: ela atravessa o tempo. Uma can\u00e7\u00e3o pode desaparecer das r\u00e1dios por alguns anos e, quando volta a tocar, imediatamente despertar lembran\u00e7as, hist\u00f3rias e emo\u00e7\u00f5es.<\/p>\n\n\n\n<p class=\"p4\">\u00c9 justamente nesse territ\u00f3rio entre mem\u00f3ria e renova\u00e7\u00e3o que a <strong>Banda Djav\u00fa<\/strong> come\u00e7a a construir seu pr\u00f3ximo cap\u00edtulo.<\/p>\n\n\n\n<p class=\"p4\">O grupo apresentou uma nova forma\u00e7\u00e3o e coloca agora duas vozes femininas em posi\u00e7\u00e3o de destaque: <strong>D\u00e9bora Vianna e Adria Couto<\/strong>. A proposta \u00e9 clara: renovar a energia do palco, ampliar as possibilidades art\u00edsticas e apresentar uma nova fase ao p\u00fablico sem abandonar os elementos que fizeram da Djav\u00fa um nome conhecido nacionalmente.<\/p>\n\n\n\n<h2 class=\"wp-block-heading\"><strong>Uma mudan\u00e7a que vai al\u00e9m da forma\u00e7\u00e3o<\/strong><\/h2>\n\n\n\n<p class=\"p4\">Trocar integrantes \u00e9 algo comum na ind\u00fastria musical. O desafio verdadeiro est\u00e1 em fazer uma nova forma\u00e7\u00e3o ter identidade pr\u00f3pria sem romper com aquilo que o p\u00fablico reconhece.<\/p>\n\n\n\n<p class=\"p4\">\u00c9 justamente esse equil\u00edbrio que chama aten\u00e7\u00e3o no novo momento da Djav\u00fa.<\/p>\n\n\n\n<p class=\"p4\">A chegada de D\u00e9bora e Adria representa mais do que duas novas integrantes. As cantoras passam a contribuir com diferentes experi\u00eancias, timbres e personalidades, criando uma din\u00e2mica vocal que pode dar novos contornos aos sucessos que acompanham a hist\u00f3ria da banda.<\/p>\n\n\n\n<p class=\"p4\">A ideia \u00e9 fazer com que m\u00fasicas j\u00e1 conhecidas ganhem novas interpreta\u00e7\u00f5es e, ao mesmo tempo, abrir espa\u00e7o para uma gera\u00e7\u00e3o que ainda vai descobrir a Djav\u00fa.<\/p>\n\n\n\n<h2 class=\"wp-block-heading\"><strong>Duas cantoras, dois estilos e um mesmo palco<\/strong><\/h2>\n\n\n\n<p class=\"p4\"><strong>D\u00e9bora Vianna<\/strong> chega \u00e0 forma\u00e7\u00e3o trazendo experi\u00eancia em diferentes vertentes da m\u00fasica popular. Sua trajet\u00f3ria passa por estilos distintos e demonstra uma caracter\u00edstica importante para uma banda de repert\u00f3rio amplo: versatilidade.<\/p>\n\n\n\n<p class=\"p4\"><strong>Adria Couto<\/strong>, por sua vez, traz a experi\u00eancia de quem cresceu em um ambiente musical e construiu sua carreira especialmente no Norte do pa\u00eds. A cantora acrescenta \u00e0 forma\u00e7\u00e3o uma identidade vocal pr\u00f3pria e uma presen\u00e7a de palco que ajuda a estabelecer o contraste necess\u00e1rio entre as duas vozes.<\/p>\n\n\n\n<p class=\"p4\">A escolha das duas artistas cria, portanto, uma combina\u00e7\u00e3o interessante: n\u00e3o se trata de colocar duas cantoras para exercer exatamente a mesma fun\u00e7\u00e3o, mas de explorar personalidades diferentes dentro de uma mesma identidade musical.<\/p>\n\n\n\n<h2 class=\"wp-block-heading\"><strong>A estrat\u00e9gia de olhar para frente<\/strong><\/h2>\n\n\n\n<p class=\"p4\">A nova Djav\u00fa parece entender que o maior patrim\u00f4nio de uma banda n\u00e3o est\u00e1 apenas nas m\u00fasicas que j\u00e1 foram lan\u00e7adas, mas na capacidade de continuar criando motivos para o p\u00fablico acompanhar sua trajet\u00f3ria.<\/p>\n\n\n\n<p class=\"p4\">Por isso, a nova fase chega acompanhada de uma mensagem de renova\u00e7\u00e3o.<\/p>\n\n\n\n<p class=\"p4\">Nas redes sociais, o grupo definiu o momento como uma nova fase, com nova energia e a mesma ess\u00eancia que conquistou o Brasil. A publica\u00e7\u00e3o tamb\u00e9m destacou o desejo de levar mais for\u00e7a aos palcos e preservar a identidade e os sucessos que fazem parte da hist\u00f3ria da banda.<\/p>\n\n\n\n<p class=\"p4\">\u00c9 uma estrat\u00e9gia importante: <strong>n\u00e3o transformar a nostalgia em limite<\/strong>.<\/p>\n\n\n\n<p class=\"p4\">Os grandes sucessos continuam sendo parte fundamental do espet\u00e1culo, mas passam a conviver com novas interpreta\u00e7\u00f5es, novas vozes e a possibilidade de novos projetos.<\/p>\n\n\n\n<h2 class=\"wp-block-heading\"><strong>O palco como principal resposta<\/strong><\/h2>\n\n\n\n<p class=\"p4\">Para uma banda com uma hist\u00f3ria t\u00e3o associada aos shows, \u00e9 no palco que essa transforma\u00e7\u00e3o ser\u00e1 realmente medida.<\/p>\n\n\n\n<p class=\"p4\">\u00c9 ali que a nova forma\u00e7\u00e3o ter\u00e1 a oportunidade de mostrar se a combina\u00e7\u00e3o entre experi\u00eancia e renova\u00e7\u00e3o funciona diante do p\u00fablico.<\/p>\n\n\n\n<p class=\"p4\">E a expectativa \u00e9 justamente essa: transformar a mudan\u00e7a de forma\u00e7\u00e3o em uma experi\u00eancia musical diferente, mantendo a energia caracter\u00edstica da Djav\u00fa.<\/p>\n\n\n\n<p class=\"p4\">A presen\u00e7a de duas cantoras tamb\u00e9m amplia as possibilidades de intera\u00e7\u00e3o, harmonias e interpreta\u00e7\u00f5es, criando espa\u00e7o para apresenta\u00e7\u00f5es mais din\u00e2micas.<\/p>\n\n\n\n<h2 class=\"wp-block-heading\"><strong>Um novo cap\u00edtulo para uma marca musical conhecida<\/strong><\/h2>\n\n\n\n<p class=\"p4\">A Djav\u00fa chega a esse momento carregando algo que nenhuma nova forma\u00e7\u00e3o precisa construir do zero: reconhecimento.<\/p>\n\n\n\n<p class=\"p4\">O nome j\u00e1 possui mem\u00f3ria junto ao p\u00fablico. Seus sucessos fazem parte da hist\u00f3ria musical de milhares de pessoas e continuam sendo associados a festas, eventos e momentos marcantes.<\/p>\n\n\n\n<p class=\"p4\">Agora, o desafio \u00e9 transformar esse reconhecimento em futuro.<\/p>\n\n\n\n<p class=\"p4\">Com <strong>Geandson Rios \u00e0 frente do projeto<\/strong> e uma nova forma\u00e7\u00e3o composta por D\u00e9bora Vianna e Adria Couto, a banda aposta em uma f\u00f3rmula que mistura experi\u00eancia, juventude, personalidade e for\u00e7a vocal.<\/p>\n\n\n\n<p class=\"p4\">N\u00e3o \u00e9 simplesmente uma mudan\u00e7a de integrantes.<\/p>\n\n\n\n<p class=\"p4\">\u00c9 uma tentativa de mostrar que uma hist\u00f3ria conhecida tamb\u00e9m pode ganhar novos cap\u00edtulos.<\/p>\n\n\n\n<p class=\"p5\">E, se o passado deu \u00e0 Djav\u00fa o reconhecimento nacional, a nova forma\u00e7\u00e3o chega com a miss\u00e3o de conquistar novamente o p\u00fablico dessa vez, com duas novas vozes ajudando a contar a pr\u00f3xima parte dessa hist\u00f3ria.<\/p>","protected":false},"excerpt":{"rendered":"<p>Nova forma\u00e7\u00e3o coloca duas cantoras no centro do palco e sinaliza uma fase de renova\u00e7\u00e3o para uma das bandas mais reconhecidas da m\u00fasica popular brasileira A m\u00fasica tem uma caracter\u00edstica que poucas outras formas de arte conseguem reproduzir: ela atravessa o tempo. Uma can\u00e7\u00e3o pode desaparecer das r\u00e1dios por alguns anos e, quando volta a [&hellip;]<\/p>\n","protected":false},"author":9,"featured_media":43278,"comment_status":"closed","ping_status":"open","sticky":false,"template":"","format":"standard","meta":{"footnotes":""},"categories":[562],"tags":[],"class_list":["post-43279","post","type-post","status-publish","format-standard","has-post-thumbnail","hentry","category-musica"],"yoast_head":"<!-- This site is optimized with the Yoast SEO Premium plugin v27.9 (Yoast SEO v27.9) - https:\/\/yoast.com\/product\/yoast-seo-premium-wordpress\/ -->\n<title>Djav\u00fa vira a p\u00e1gina sem apagar o passado e aposta em novas vozes para reencontrar o grande p\u00fablico - Fyno<\/title>\n<meta name=\"robots\" content=\"index, follow, max-snippet:-1, max-image-preview:large, max-video-preview:-1\" \/>\n<link rel=\"canonical\" href=\"https:\/\/fyno.pt\/pt\/musica\/djavu-vira-a-pagina-sem-apagar-o-passado-e-aposta-em-novas-vozes-para-reencontrar-o-grande-publico\/\" \/>\n<meta property=\"og:locale\" content=\"pt_PT\" \/>\n<meta property=\"og:type\" content=\"article\" \/>\n<meta property=\"og:title\" content=\"Djav\u00fa vira a p\u00e1gina sem apagar o passado e aposta em novas vozes para reencontrar o grande p\u00fablico\" \/>\n<meta property=\"og:description\" content=\"Nova forma\u00e7\u00e3o coloca duas cantoras no centro do palco e sinaliza uma fase de renova\u00e7\u00e3o para uma das bandas mais reconhecidas da m\u00fasica popular brasileira A m\u00fasica tem uma caracter\u00edstica que poucas outras formas de arte conseguem reproduzir: ela atravessa o tempo. Uma can\u00e7\u00e3o pode desaparecer das r\u00e1dios por alguns anos e, quando volta a [&hellip;]\" \/>\n<meta property=\"og:url\" content=\"https:\/\/fyno.pt\/pt\/musica\/djavu-vira-a-pagina-sem-apagar-o-passado-e-aposta-em-novas-vozes-para-reencontrar-o-grande-publico\/\" \/>\n<meta property=\"og:site_name\" content=\"Fyno\" \/>\n<meta property=\"article:published_time\" content=\"2026-08-27T13:08:42+00:00\" \/>\n<meta property=\"og:image\" content=\"https:\/\/fyno.pt\/wp-content\/uploads\/2026\/08\/7d37c0ec-7192-461c-97be-7939bbb2f503.jpeg\" \/>\n\t<meta property=\"og:image:width\" content=\"1089\" \/>\n\t<meta property=\"og:image:height\" content=\"1361\" \/>\n\t<meta property=\"og:image:type\" content=\"image\/jpeg\" \/>\n<meta name=\"author\" content=\"Fyno\" \/>\n<meta name=\"twitter:card\" content=\"summary_large_image\" \/>\n<meta name=\"twitter:label1\" content=\"Escrito por\" \/>\n\t<meta name=\"twitter:data1\" content=\"Fyno\" \/>\n\t<meta name=\"twitter:label2\" content=\"Tempo estimado de leitura\" \/>\n\t<meta name=\"twitter:data2\" content=\"4 minutos\" \/>\n<script type=\"application\/ld+json\" class=\"yoast-schema-graph\">{\"@context\":\"https:\\\/\\\/schema.org\",\"@graph\":[{\"@type\":\"Article\",\"@id\":\"https:\\\/\\\/fyno.pt\\\/musica\\\/djavu-vira-a-pagina-sem-apagar-o-passado-e-aposta-em-novas-vozes-para-reencontrar-o-grande-publico\\\/#article\",\"isPartOf\":{\"@id\":\"https:\\\/\\\/fyno.pt\\\/musica\\\/djavu-vira-a-pagina-sem-apagar-o-passado-e-aposta-em-novas-vozes-para-reencontrar-o-grande-publico\\\/\"},\"author\":{\"name\":\"Fyno\",\"@id\":\"https:\\\/\\\/fyno.pt\\\/#\\\/schema\\\/person\\\/ab5b330ed5ed05f1b4a7b8e438f68187\"},\"headline\":\"Djav\u00fa vira a p\u00e1gina sem apagar o passado e aposta em novas vozes para reencontrar o grande p\u00fablico\",\"datePublished\":\"2026-08-27T13:08:42+00:00\",\"mainEntityOfPage\":{\"@id\":\"https:\\\/\\\/fyno.pt\\\/musica\\\/djavu-vira-a-pagina-sem-apagar-o-passado-e-aposta-em-novas-vozes-para-reencontrar-o-grande-publico\\\/\"},\"wordCount\":859,\"image\":{\"@id\":\"https:\\\/\\\/fyno.pt\\\/musica\\\/djavu-vira-a-pagina-sem-apagar-o-passado-e-aposta-em-novas-vozes-para-reencontrar-o-grande-publico\\\/#primaryimage\"},\"thumbnailUrl\":\"https:\\\/\\\/fyno.pt\\\/wp-content\\\/uploads\\\/2026\\\/08\\\/7d37c0ec-7192-461c-97be-7939bbb2f503.jpeg\",\"articleSection\":[\"M\u00fasica\"],\"inLanguage\":\"pt-PT\"},{\"@type\":\"WebPage\",\"@id\":\"https:\\\/\\\/fyno.pt\\\/musica\\\/djavu-vira-a-pagina-sem-apagar-o-passado-e-aposta-em-novas-vozes-para-reencontrar-o-grande-publico\\\/\",\"url\":\"https:\\\/\\\/fyno.pt\\\/musica\\\/djavu-vira-a-pagina-sem-apagar-o-passado-e-aposta-em-novas-vozes-para-reencontrar-o-grande-publico\\\/\",\"name\":\"Djav\u00fa vira a p\u00e1gina sem apagar o passado e aposta em novas vozes para reencontrar o grande p\u00fablico - Fyno\",\"isPartOf\":{\"@id\":\"https:\\\/\\\/fyno.pt\\\/#website\"},\"primaryImageOfPage\":{\"@id\":\"https:\\\/\\\/fyno.pt\\\/musica\\\/djavu-vira-a-pagina-sem-apagar-o-passado-e-aposta-em-novas-vozes-para-reencontrar-o-grande-publico\\\/#primaryimage\"},\"image\":{\"@id\":\"https:\\\/\\\/fyno.pt\\\/musica\\\/djavu-vira-a-pagina-sem-apagar-o-passado-e-aposta-em-novas-vozes-para-reencontrar-o-grande-publico\\\/#primaryimage\"},\"thumbnailUrl\":\"https:\\\/\\\/fyno.pt\\\/wp-content\\\/uploads\\\/2026\\\/08\\\/7d37c0ec-7192-461c-97be-7939bbb2f503.jpeg\",\"datePublished\":\"2026-08-27T13:08:42+00:00\",\"author\":{\"@id\":\"https:\\\/\\\/fyno.pt\\\/#\\\/schema\\\/person\\\/ab5b330ed5ed05f1b4a7b8e438f68187\"},\"breadcrumb\":{\"@id\":\"https:\\\/\\\/fyno.pt\\\/musica\\\/djavu-vira-a-pagina-sem-apagar-o-passado-e-aposta-em-novas-vozes-para-reencontrar-o-grande-publico\\\/#breadcrumb\"},\"inLanguage\":\"pt-PT\",\"potentialAction\":[{\"@type\":\"ReadAction\",\"target\":[\"https:\\\/\\\/fyno.pt\\\/musica\\\/djavu-vira-a-pagina-sem-apagar-o-passado-e-aposta-em-novas-vozes-para-reencontrar-o-grande-publico\\\/\"]}]},{\"@type\":\"ImageObject\",\"inLanguage\":\"pt-PT\",\"@id\":\"https:\\\/\\\/fyno.pt\\\/musica\\\/djavu-vira-a-pagina-sem-apagar-o-passado-e-aposta-em-novas-vozes-para-reencontrar-o-grande-publico\\\/#primaryimage\",\"url\":\"https:\\\/\\\/fyno.pt\\\/wp-content\\\/uploads\\\/2026\\\/08\\\/7d37c0ec-7192-461c-97be-7939bbb2f503.jpeg\",\"contentUrl\":\"https:\\\/\\\/fyno.pt\\\/wp-content\\\/uploads\\\/2026\\\/08\\\/7d37c0ec-7192-461c-97be-7939bbb2f503.jpeg\",\"width\":1089,\"height\":1361},{\"@type\":\"BreadcrumbList\",\"@id\":\"https:\\\/\\\/fyno.pt\\\/musica\\\/djavu-vira-a-pagina-sem-apagar-o-passado-e-aposta-em-novas-vozes-para-reencontrar-o-grande-publico\\\/#breadcrumb\",\"itemListElement\":[{\"@type\":\"ListItem\",\"position\":1,\"name\":\"In\u00edcio\",\"item\":\"https:\\\/\\\/fyno.pt\\\/\"},{\"@type\":\"ListItem\",\"position\":2,\"name\":\"Djav\u00fa vira a p\u00e1gina sem apagar o passado e aposta em novas vozes para reencontrar o grande p\u00fablico\"}]},{\"@type\":\"WebSite\",\"@id\":\"https:\\\/\\\/fyno.pt\\\/#website\",\"url\":\"https:\\\/\\\/fyno.pt\\\/\",\"name\":\"Fyno\",\"description\":\"Not\u00edcia e informa\u00e7\u00e3o\",\"potentialAction\":[{\"@type\":\"SearchAction\",\"target\":{\"@type\":\"EntryPoint\",\"urlTemplate\":\"https:\\\/\\\/fyno.pt\\\/?s={search_term_string}\"},\"query-input\":{\"@type\":\"PropertyValueSpecification\",\"valueRequired\":true,\"valueName\":\"search_term_string\"}}],\"inLanguage\":\"pt-PT\"},{\"@type\":\"Person\",\"@id\":\"https:\\\/\\\/fyno.pt\\\/#\\\/schema\\\/person\\\/ab5b330ed5ed05f1b4a7b8e438f68187\",\"name\":\"Fyno\",\"image\":{\"@type\":\"ImageObject\",\"inLanguage\":\"pt-PT\",\"@id\":\"https:\\\/\\\/fyno.pt\\\/wp-content\\\/litespeed\\\/avatar\\\/8f51870e8d94c234e288da840d914372.jpg?ver=1788205134\",\"url\":\"https:\\\/\\\/fyno.pt\\\/wp-content\\\/litespeed\\\/avatar\\\/8f51870e8d94c234e288da840d914372.jpg?ver=1788205134\",\"contentUrl\":\"https:\\\/\\\/fyno.pt\\\/wp-content\\\/litespeed\\\/avatar\\\/8f51870e8d94c234e288da840d914372.jpg?ver=1788205134\",\"caption\":\"Fyno\"},\"description\":\"A sua fonte de informa\u00e7\u00e3o.\",\"url\":\"https:\\\/\\\/fyno.pt\\\/pt\\\/author\\\/fynopt\\\/\"}]}<\/script>\n<!-- \/ Yoast SEO Premium plugin. -->","yoast_head_json":{"title":"Djav\u00fa vira a p\u00e1gina sem apagar o passado e aposta em novas vozes para reencontrar o grande p\u00fablico - Fyno","robots":{"index":"index","follow":"follow","max-snippet":"max-snippet:-1","max-image-preview":"max-image-preview:large","max-video-preview":"max-video-preview:-1"},"canonical":"https:\/\/fyno.pt\/pt\/musica\/djavu-vira-a-pagina-sem-apagar-o-passado-e-aposta-em-novas-vozes-para-reencontrar-o-grande-publico\/","og_locale":"pt_PT","og_type":"article","og_title":"Djav\u00fa vira a p\u00e1gina sem apagar o passado e aposta em novas vozes para reencontrar o grande p\u00fablico","og_description":"Nova forma\u00e7\u00e3o coloca duas cantoras no centro do palco e sinaliza uma fase de renova\u00e7\u00e3o para uma das bandas mais reconhecidas da m\u00fasica popular brasileira A m\u00fasica tem uma caracter\u00edstica que poucas outras formas de arte conseguem reproduzir: ela atravessa o tempo. Uma can\u00e7\u00e3o pode desaparecer das r\u00e1dios por alguns anos e, quando volta a [&hellip;]","og_url":"https:\/\/fyno.pt\/pt\/musica\/djavu-vira-a-pagina-sem-apagar-o-passado-e-aposta-em-novas-vozes-para-reencontrar-o-grande-publico\/","og_site_name":"Fyno","article_published_time":"2026-08-27T13:08:42+00:00","og_image":[{"width":1089,"height":1361,"url":"https:\/\/fyno.pt\/wp-content\/uploads\/2026\/08\/7d37c0ec-7192-461c-97be-7939bbb2f503.jpeg","type":"image\/jpeg"}],"author":"Fyno","twitter_card":"summary_large_image","twitter_misc":{"Escrito por":"Fyno","Tempo estimado de leitura":"4 minutos"},"schema":{"@context":"https:\/\/schema.org","@graph":[{"@type":"Article","@id":"https:\/\/fyno.pt\/musica\/djavu-vira-a-pagina-sem-apagar-o-passado-e-aposta-em-novas-vozes-para-reencontrar-o-grande-publico\/#article","isPartOf":{"@id":"https:\/\/fyno.pt\/musica\/djavu-vira-a-pagina-sem-apagar-o-passado-e-aposta-em-novas-vozes-para-reencontrar-o-grande-publico\/"},"author":{"name":"Fyno","@id":"https:\/\/fyno.pt\/#\/schema\/person\/ab5b330ed5ed05f1b4a7b8e438f68187"},"headline":"Djav\u00fa vira a p\u00e1gina sem apagar o passado e aposta em novas vozes para reencontrar o grande p\u00fablico","datePublished":"2026-08-27T13:08:42+00:00","mainEntityOfPage":{"@id":"https:\/\/fyno.pt\/musica\/djavu-vira-a-pagina-sem-apagar-o-passado-e-aposta-em-novas-vozes-para-reencontrar-o-grande-publico\/"},"wordCount":859,"image":{"@id":"https:\/\/fyno.pt\/musica\/djavu-vira-a-pagina-sem-apagar-o-passado-e-aposta-em-novas-vozes-para-reencontrar-o-grande-publico\/#primaryimage"},"thumbnailUrl":"https:\/\/fyno.pt\/wp-content\/uploads\/2026\/08\/7d37c0ec-7192-461c-97be-7939bbb2f503.jpeg","articleSection":["M\u00fasica"],"inLanguage":"pt-PT"},{"@type":"WebPage","@id":"https:\/\/fyno.pt\/musica\/djavu-vira-a-pagina-sem-apagar-o-passado-e-aposta-em-novas-vozes-para-reencontrar-o-grande-publico\/","url":"https:\/\/fyno.pt\/musica\/djavu-vira-a-pagina-sem-apagar-o-passado-e-aposta-em-novas-vozes-para-reencontrar-o-grande-publico\/","name":"Djav\u00fa vira a p\u00e1gina sem apagar o passado e aposta em novas vozes para reencontrar o grande p\u00fablico - Fyno","isPartOf":{"@id":"https:\/\/fyno.pt\/#website"},"primaryImageOfPage":{"@id":"https:\/\/fyno.pt\/musica\/djavu-vira-a-pagina-sem-apagar-o-passado-e-aposta-em-novas-vozes-para-reencontrar-o-grande-publico\/#primaryimage"},"image":{"@id":"https:\/\/fyno.pt\/musica\/djavu-vira-a-pagina-sem-apagar-o-passado-e-aposta-em-novas-vozes-para-reencontrar-o-grande-publico\/#primaryimage"},"thumbnailUrl":"https:\/\/fyno.pt\/wp-content\/uploads\/2026\/08\/7d37c0ec-7192-461c-97be-7939bbb2f503.jpeg","datePublished":"2026-08-27T13:08:42+00:00","author":{"@id":"https:\/\/fyno.pt\/#\/schema\/person\/ab5b330ed5ed05f1b4a7b8e438f68187"},"breadcrumb":{"@id":"https:\/\/fyno.pt\/musica\/djavu-vira-a-pagina-sem-apagar-o-passado-e-aposta-em-novas-vozes-para-reencontrar-o-grande-publico\/#breadcrumb"},"inLanguage":"pt-PT","potentialAction":[{"@type":"ReadAction","target":["https:\/\/fyno.pt\/musica\/djavu-vira-a-pagina-sem-apagar-o-passado-e-aposta-em-novas-vozes-para-reencontrar-o-grande-publico\/"]}]},{"@type":"ImageObject","inLanguage":"pt-PT","@id":"https:\/\/fyno.pt\/musica\/djavu-vira-a-pagina-sem-apagar-o-passado-e-aposta-em-novas-vozes-para-reencontrar-o-grande-publico\/#primaryimage","url":"https:\/\/fyno.pt\/wp-content\/uploads\/2026\/08\/7d37c0ec-7192-461c-97be-7939bbb2f503.jpeg","contentUrl":"https:\/\/fyno.pt\/wp-content\/uploads\/2026\/08\/7d37c0ec-7192-461c-97be-7939bbb2f503.jpeg","width":1089,"height":1361},{"@type":"BreadcrumbList","@id":"https:\/\/fyno.pt\/musica\/djavu-vira-a-pagina-sem-apagar-o-passado-e-aposta-em-novas-vozes-para-reencontrar-o-grande-publico\/#breadcrumb","itemListElement":[{"@type":"ListItem","position":1,"name":"In\u00edcio","item":"https:\/\/fyno.pt\/"},{"@type":"ListItem","position":2,"name":"Djav\u00fa vira a p\u00e1gina sem apagar o passado e aposta em novas vozes para reencontrar o grande p\u00fablico"}]},{"@type":"WebSite","@id":"https:\/\/fyno.pt\/#website","url":"https:\/\/fyno.pt\/","name":"Fyno","description":"Not\u00edcia e informa\u00e7\u00e3o","potentialAction":[{"@type":"SearchAction","target":{"@type":"EntryPoint","urlTemplate":"https:\/\/fyno.pt\/?s={search_term_string}"},"query-input":{"@type":"PropertyValueSpecification","valueRequired":true,"valueName":"search_term_string"}}],"inLanguage":"pt-PT"},{"@type":"Person","@id":"https:\/\/fyno.pt\/#\/schema\/person\/ab5b330ed5ed05f1b4a7b8e438f68187","name":"Fyno","image":{"@type":"ImageObject","inLanguage":"pt-PT","@id":"https:\/\/fyno.pt\/wp-content\/litespeed\/avatar\/8f51870e8d94c234e288da840d914372.jpg?ver=1788205134","url":"https:\/\/fyno.pt\/wp-content\/litespeed\/avatar\/8f51870e8d94c234e288da840d914372.jpg?ver=1788205134","contentUrl":"https:\/\/fyno.pt\/wp-content\/litespeed\/avatar\/8f51870e8d94c234e288da840d914372.jpg?ver=1788205134","caption":"Fyno"},"description":"A sua fonte de informa\u00e7\u00e3o.","url":"https:\/\/fyno.pt\/pt\/author\/fynopt\/"}]}},"_links":{"self":[{"href":"https:\/\/fyno.pt\/pt\/wp-json\/wp\/v2\/posts\/43279","targetHints":{"allow":["GET"]}}],"collection":[{"href":"https:\/\/fyno.pt\/pt\/wp-json\/wp\/v2\/posts"}],"about":[{"href":"https:\/\/fyno.pt\/pt\/wp-json\/wp\/v2\/types\/post"}],"author":[{"embeddable":true,"href":"https:\/\/fyno.pt\/pt\/wp-json\/wp\/v2\/users\/9"}],"replies":[{"embeddable":true,"href":"https:\/\/fyno.pt\/pt\/wp-json\/wp\/v2\/comments?post=43279"}],"version-history":[{"count":1,"href":"https:\/\/fyno.pt\/pt\/wp-json\/wp\/v2\/posts\/43279\/revisions"}],"predecessor-version":[{"id":43280,"href":"https:\/\/fyno.pt\/pt\/wp-json\/wp\/v2\/posts\/43279\/revisions\/43280"}],"wp:featuredmedia":[{"embeddable":true,"href":"https:\/\/fyno.pt\/pt\/wp-json\/wp\/v2\/media\/43278"}],"wp:attachment":[{"href":"https:\/\/fyno.pt\/pt\/wp-json\/wp\/v2\/media?parent=43279"}],"wp:term":[{"taxonomy":"category","embeddable":true,"href":"https:\/\/fyno.pt\/pt\/wp-json\/wp\/v2\/categories?post=43279"},{"taxonomy":"post_tag","embeddable":true,"href":"https:\/\/fyno.pt\/pt\/wp-json\/wp\/v2\/tags?post=43279"}],"curies":[{"name":"wp","href":"https:\/\/api.w.org\/{rel}","templated":true}]}}