{"id":43276,"date":"2026-08-27T09:42:38","date_gmt":"2026-08-27T12:42:38","guid":{"rendered":"https:\/\/fyno.pt\/?p=43276"},"modified":"2026-08-27T09:42:38","modified_gmt":"2026-08-27T12:42:38","slug":"da-cozinha-a-sala-de-aula-chef-luiz-de-franca-transforma-gastronomia-em-experiencia-pesquisa-e-formacao-profissional","status":"publish","type":"post","link":"https:\/\/fyno.pt\/pt\/noticias\/da-cozinha-a-sala-de-aula-chef-luiz-de-franca-transforma-gastronomia-em-experiencia-pesquisa-e-formacao-profissional\/","title":{"rendered":"Da cozinha \u00e0 sala de aula: Chef Luiz de Fran\u00e7a transforma gastronomia em experi\u00eancia, pesquisa e forma\u00e7\u00e3o profissional"},"content":{"rendered":"<p class=\"p3\"><strong><em>Com forma\u00e7\u00e3o pelo Le Cordon Bleu, atua\u00e7\u00e3o acad\u00eamica e presen\u00e7a em eventos, cursos e projetos corporativos, chef cearense constr\u00f3i trajet\u00f3ria que aproxima t\u00e9cnica culin\u00e1ria, cultura e educa\u00e7\u00e3o<\/em><\/strong><\/p>\n\n\n\n<p class=\"p4\">A gastronomia deixou de ser, para Luiz de Fran\u00e7a Braga Filho, apenas uma atividade desenvolvida entre panelas e fog\u00f5es. Chef, professor, consultor gastron\u00f4mico e pesquisador, ele vem construindo uma trajet\u00f3ria profissional que transita entre a cozinha profissional, o ensino, a pesquisa acad\u00eamica, os eventos e a valoriza\u00e7\u00e3o da cultura alimentar.<\/p>\n\n\n\n<p class=\"p4\">Com forma\u00e7\u00e3o em Gastronomia pela Unifanor e pelo Instituto de Artes Culin\u00e1rias Le Cordon Bleu S\u00e3o Paulo, Luiz de Fran\u00e7a consolidou sua atua\u00e7\u00e3o no Cear\u00e1 combinando refer\u00eancias da gastronomia francesa com ingredientes, t\u00e9cnicas e tradi\u00e7\u00f5es brasileiras. Em 2021, por exemplo, comandou um curso de cozinha franco-brasileira com prepara\u00e7\u00f5es como lagosta \u00e0 proven\u00e7al, vieiras, carr\u00e9 franc\u00eas e ratatouille. <\/p>\n\n\n\n<p class=\"p4\">A forma\u00e7\u00e3o internacional passou a integrar uma carreira que tamb\u00e9m ganhou espa\u00e7o no ambiente acad\u00eamico. Luiz aparece vinculado ao Programa de P\u00f3s-Gradua\u00e7\u00e3o em Gastronomia da Universidade Federal do Cear\u00e1 (UFC) e mant\u00e9m atua\u00e7\u00e3o como professor em institui\u00e7\u00f5es de ensino gastron\u00f4mico de Fortaleza. Seu perfil profissional tamb\u00e9m registra experi\u00eancia com catering, eventos corporativos e consultoria de neg\u00f3cios. <\/p>\n\n\n\n<h2 class=\"wp-block-heading\"><strong>Entre a tradi\u00e7\u00e3o e a gastronomia contempor\u00e2nea<\/strong><\/h2>\n\n\n\n<p class=\"p4\">Um dos aspectos que diferenciam o trabalho do chef \u00e9 a rela\u00e7\u00e3o entre t\u00e9cnica e identidade alimentar. Em entrevistas recentes, Luiz de Fran\u00e7a tem participado de discuss\u00f5es sobre pratos tradicionais e ingredientes que fazem parte da cultura nordestina.<\/p>\n\n\n\n<p class=\"p4\">Em entrevista publicada pelo jornal <em>O POVO<\/em>, ele abordou a import\u00e2ncia da farinha de mandioca e da farofa para a cultura alimentar brasileira, relacionando o ingrediente \u00e0 preserva\u00e7\u00e3o de t\u00e9cnicas e tradi\u00e7\u00f5es culin\u00e1rias. <\/p>\n\n\n\n<p class=\"p4\">Mais recentemente, ao falar sobre a moqueca cearense, o chef destacou a import\u00e2ncia do leite de coco na prepara\u00e7\u00e3o tradicional e explicou como o prato re\u00fane influ\u00eancias ind\u00edgenas, portuguesas e africanas. A participa\u00e7\u00e3o refor\u00e7a uma caracter\u00edstica recorrente em seu trabalho: tratar a gastronomia n\u00e3o apenas como receita, mas tamb\u00e9m como manifesta\u00e7\u00e3o cultural. <\/p>\n\n\n\n<h2 class=\"wp-block-heading\"><strong>Educa\u00e7\u00e3o como parte da carreira<\/strong><\/h2>\n\n\n\n<p class=\"p4\">A sala de aula ocupa espa\u00e7o importante na trajet\u00f3ria de Luiz de Fran\u00e7a. Ele atua na Escola de Gastronomia Social Ivens Dias Branco, em Fortaleza, institui\u00e7\u00e3o voltada \u00e0 forma\u00e7\u00e3o profissional na \u00e1rea de gastronomia.<\/p>\n\n\n\n<p class=\"p4\">O chef tamb\u00e9m j\u00e1 participou de iniciativas de interc\u00e2mbio e forma\u00e7\u00e3o gastron\u00f4mica promovidas pela institui\u00e7\u00e3o, incluindo o projeto \u201cConex\u00e3o Cear\u00e1 e Fran\u00e7a\u201d, no qual ministrou curso de cozinha b\u00e1sica para alunos da escola. <\/p>\n\n\n\n<p class=\"p4\">Sua atua\u00e7\u00e3o acad\u00eamica se estende ainda \u00e0 Universidade de Fortaleza (Unifor) e ao Centro Universit\u00e1rio Fametro (Unifametro), onde esteve ligado a atividades de p\u00f3s-gradua\u00e7\u00e3o em gastronomia, cozinha francesa, Boulangerie e P\u00e2tisserie. <\/p>\n\n\n\n<p class=\"p4\">A pesquisa tamb\u00e9m faz parte desse percurso. Registros profissionais apontam sua trajet\u00f3ria como mestrando em Gastronomia pela UFC, enquanto sua produ\u00e7\u00e3o acad\u00eamica inclui participa\u00e7\u00e3o em atividades de pesquisa relacionadas \u00e0 gastronomia e seus impactos sociais e econ\u00f4micos.<\/p>\n\n\n\n<h2 class=\"wp-block-heading\"><strong>Quando a cozinha chega \u00e0s empresas<\/strong><\/h2>\n\n\n\n<p class=\"p4\">Foi justamente a experi\u00eancia acumulada na gastronomia e na educa\u00e7\u00e3o que levou Luiz de Fran\u00e7a a desenvolver uma proposta voltada ao universo corporativo.<\/p>\n\n\n\n<p class=\"p4\">O projeto <strong>\u201cGastronomia for Business\u201d<\/strong> utiliza atividades culin\u00e1rias como instrumento para estimular compet\u00eancias como criatividade, organiza\u00e7\u00e3o, lideran\u00e7a, colabora\u00e7\u00e3o e integra\u00e7\u00e3o entre equipes. A iniciativa transforma a cozinha em ambiente de aprendizagem e relacionamento, aproximando gastronomia e desenvolvimento profissional. <\/p>\n\n\n\n<p class=\"p4\">A proposta representa uma mudan\u00e7a na maneira tradicional de enxergar o trabalho de um chef. Em vez de atuar somente na elabora\u00e7\u00e3o de pratos, Luiz utiliza o conhecimento gastron\u00f4mico como ferramenta para criar experi\u00eancias capazes de trabalhar habilidades comportamentais e fortalecer a intera\u00e7\u00e3o entre participantes.<\/p>\n\n\n\n<h2 class=\"wp-block-heading\"><strong>Experi\u00eancias personalizadas<\/strong><\/h2>\n\n\n\n<p class=\"p4\">Al\u00e9m da educa\u00e7\u00e3o e dos projetos corporativos, Luiz de Fran\u00e7a mant\u00e9m atua\u00e7\u00e3o em eventos particulares e empresariais.<\/p>\n\n\n\n<p class=\"p4\">Seu trabalho inclui catering, brunches, caf\u00e9s da manh\u00e3, almo\u00e7os, jantares, buffets personalizados e servi\u00e7o de personal chef. A proposta apresentada em seu portf\u00f3lio profissional \u00e9 desenvolver menus de acordo com o perfil de cada evento, levando em considera\u00e7\u00e3o o p\u00fablico, a ocasi\u00e3o e a experi\u00eancia que se pretende proporcionar. <\/p>\n\n\n\n<p class=\"p4\">Em 2026, essa atua\u00e7\u00e3o tamb\u00e9m ganhou espa\u00e7o em eventos de perfil premium. Em mar\u00e7o, o chef foi respons\u00e1vel por um menu de cinco etapas preparado para o Lexus Experience, em Fortaleza, evento que reuniu gastronomia, design e o universo automotivo.<\/p>\n\n\n\n<p class=\"p4\">Outro formato que vem sendo explorado \u00e9 a chamada cozinha ao vivo, com prepara\u00e7\u00f5es realizadas diante dos convidados. Entre os formatos divulgados est\u00e3o paella e risoto preparados no pr\u00f3prio evento, al\u00e9m de catering e buffet personalizado. <\/p>\n\n\n\n<h2 class=\"wp-block-heading\"><strong>Gastronomia e sustentabilidade<\/strong><\/h2>\n\n\n\n<p class=\"p4\">A preocupa\u00e7\u00e3o com sustentabilidade tamb\u00e9m aparece entre as frentes de trabalho do chef.<\/p>\n\n\n\n<p class=\"p4\">Em 2025, Luiz de Fran\u00e7a participou de um projeto gastron\u00f4mico ao lado da chef Alicia Sei que prop\u00f4s a utiliza\u00e7\u00e3o de ingredientes provenientes de produtores locais da Regi\u00e3o Metropolitana de Fortaleza. A iniciativa buscava valorizar saberes tradicionais, produtores e biodiversidade, al\u00e9m de incentivar pr\u00e1ticas mais sustent\u00e1veis na cozinha. <\/p>\n\n\n\n<p class=\"p4\">Essa abordagem amplia o papel da gastronomia dentro de sua carreira. O alimento passa a ser tratado como ponto de encontro entre t\u00e9cnica, cultura, economia, sustentabilidade e rela\u00e7\u00f5es humanas.<\/p>\n\n\n\n<h2 class=\"wp-block-heading\"><strong>Uma carreira constru\u00edda em diferentes frentes<\/strong><\/h2>\n\n\n\n<p class=\"p4\">A trajet\u00f3ria de Luiz de Fran\u00e7a Braga Filho revela um profissional que escolheu n\u00e3o limitar sua atua\u00e7\u00e3o a um \u00fanico espa\u00e7o da gastronomia.<\/p>\n\n\n\n<p class=\"p4\">Na cozinha, trabalha com experi\u00eancias e eventos. Na sala de aula, compartilha conhecimento. Na universidade, aproxima-se da pesquisa. No ambiente corporativo, transforma a gastronomia em ferramenta de integra\u00e7\u00e3o. E, diante do p\u00fablico, utiliza pratos e ingredientes para falar sobre hist\u00f3ria, cultura e identidade.<\/p>\n\n\n\n<p class=\"p4\">Sua empresa, <strong>Chef Luiz de Fran\u00e7a Gastronomia<\/strong>, est\u00e1 ativa desde 2022 e tem entre suas atividades registradas treinamento em desenvolvimento profissional e gerencial, al\u00e9m de servi\u00e7os relacionados ao fornecimento de alimentos preparados e ensino.<\/p>\n\n\n\n<p class=\"p4\">O conjunto dessas frentes ajuda a explicar a presen\u00e7a crescente do chef em diferentes espa\u00e7os do setor gastron\u00f4mico cearense.<\/p>\n\n\n\n<p class=\"p4\">Mais do que preparar pratos, Luiz de Fran\u00e7a vem construindo uma carreira baseada na ideia de que cozinhar tamb\u00e9m pode significar <strong>ensinar, pesquisar, preservar mem\u00f3rias, desenvolver pessoas e criar experi\u00eancias<\/strong>.<\/p>\n\n\n\n<p class=\"p4\">Em um mercado gastron\u00f4mico cada vez mais interessado em identidade, profissionaliza\u00e7\u00e3o e experi\u00eancias personalizadas, sua trajet\u00f3ria representa a converg\u00eancia entre a tradi\u00e7\u00e3o da cozinha brasileira e uma forma\u00e7\u00e3o marcada pela t\u00e9cnica internacional.<\/p>","protected":false},"excerpt":{"rendered":"<p>Com forma\u00e7\u00e3o pelo Le Cordon Bleu, atua\u00e7\u00e3o acad\u00eamica e presen\u00e7a em eventos, cursos e projetos corporativos, chef cearense constr\u00f3i trajet\u00f3ria que aproxima t\u00e9cnica culin\u00e1ria, cultura e educa\u00e7\u00e3o A gastronomia deixou de ser, para Luiz de Fran\u00e7a Braga Filho, apenas uma atividade desenvolvida entre panelas e fog\u00f5es. Chef, professor, consultor gastron\u00f4mico e pesquisador, ele vem construindo [&hellip;]<\/p>\n","protected":false},"author":9,"featured_media":43275,"comment_status":"closed","ping_status":"open","sticky":false,"template":"","format":"standard","meta":{"footnotes":""},"categories":[52],"tags":[],"class_list":["post-43276","post","type-post","status-publish","format-standard","has-post-thumbnail","hentry","category-noticias"],"yoast_head":"<!-- This site is optimized with the Yoast SEO Premium plugin v27.9 (Yoast SEO v27.9) - https:\/\/yoast.com\/product\/yoast-seo-premium-wordpress\/ -->\n<title>Da cozinha \u00e0 sala de aula: Chef Luiz de Fran\u00e7a transforma gastronomia em experi\u00eancia, pesquisa e forma\u00e7\u00e3o profissional - Fyno<\/title>\n<meta name=\"robots\" content=\"index, follow, max-snippet:-1, max-image-preview:large, max-video-preview:-1\" \/>\n<link rel=\"canonical\" href=\"https:\/\/fyno.pt\/pt\/noticias\/da-cozinha-a-sala-de-aula-chef-luiz-de-franca-transforma-gastronomia-em-experiencia-pesquisa-e-formacao-profissional\/\" \/>\n<meta property=\"og:locale\" content=\"pt_PT\" \/>\n<meta property=\"og:type\" content=\"article\" \/>\n<meta property=\"og:title\" content=\"Da cozinha \u00e0 sala de aula: Chef Luiz de Fran\u00e7a transforma gastronomia em experi\u00eancia, pesquisa e forma\u00e7\u00e3o profissional\" \/>\n<meta property=\"og:description\" content=\"Com forma\u00e7\u00e3o pelo Le Cordon Bleu, atua\u00e7\u00e3o acad\u00eamica e presen\u00e7a em eventos, cursos e projetos corporativos, chef cearense constr\u00f3i trajet\u00f3ria que aproxima t\u00e9cnica culin\u00e1ria, cultura e educa\u00e7\u00e3o A gastronomia deixou de ser, para Luiz de Fran\u00e7a Braga Filho, apenas uma atividade desenvolvida entre panelas e fog\u00f5es. Chef, professor, consultor gastron\u00f4mico e pesquisador, ele vem construindo [&hellip;]\" \/>\n<meta property=\"og:url\" content=\"https:\/\/fyno.pt\/pt\/noticias\/da-cozinha-a-sala-de-aula-chef-luiz-de-franca-transforma-gastronomia-em-experiencia-pesquisa-e-formacao-profissional\/\" \/>\n<meta property=\"og:site_name\" content=\"Fyno\" \/>\n<meta property=\"article:published_time\" content=\"2026-08-27T12:42:38+00:00\" \/>\n<meta property=\"og:image\" content=\"https:\/\/fyno.pt\/wp-content\/uploads\/2026\/08\/img_0802.jpeg\" \/>\n\t<meta property=\"og:image:width\" content=\"1125\" \/>\n\t<meta property=\"og:image:height\" content=\"568\" \/>\n\t<meta property=\"og:image:type\" content=\"image\/jpeg\" \/>\n<meta name=\"author\" content=\"Fyno\" \/>\n<meta name=\"twitter:card\" content=\"summary_large_image\" \/>\n<meta name=\"twitter:label1\" content=\"Escrito por\" \/>\n\t<meta name=\"twitter:data1\" content=\"Fyno\" \/>\n\t<meta name=\"twitter:label2\" content=\"Tempo estimado de leitura\" \/>\n\t<meta name=\"twitter:data2\" content=\"6 minutos\" \/>\n<script type=\"application\/ld+json\" class=\"yoast-schema-graph\">{\"@context\":\"https:\\\/\\\/schema.org\",\"@graph\":[{\"@type\":\"Article\",\"@id\":\"https:\\\/\\\/fyno.pt\\\/noticias\\\/da-cozinha-a-sala-de-aula-chef-luiz-de-franca-transforma-gastronomia-em-experiencia-pesquisa-e-formacao-profissional\\\/#article\",\"isPartOf\":{\"@id\":\"https:\\\/\\\/fyno.pt\\\/noticias\\\/da-cozinha-a-sala-de-aula-chef-luiz-de-franca-transforma-gastronomia-em-experiencia-pesquisa-e-formacao-profissional\\\/\"},\"author\":{\"name\":\"Fyno\",\"@id\":\"https:\\\/\\\/fyno.pt\\\/#\\\/schema\\\/person\\\/ab5b330ed5ed05f1b4a7b8e438f68187\"},\"headline\":\"Da cozinha \u00e0 sala de aula: Chef Luiz de Fran\u00e7a transforma gastronomia em experi\u00eancia, pesquisa e forma\u00e7\u00e3o profissional\",\"datePublished\":\"2026-08-27T12:42:38+00:00\",\"mainEntityOfPage\":{\"@id\":\"https:\\\/\\\/fyno.pt\\\/noticias\\\/da-cozinha-a-sala-de-aula-chef-luiz-de-franca-transforma-gastronomia-em-experiencia-pesquisa-e-formacao-profissional\\\/\"},\"wordCount\":1168,\"image\":{\"@id\":\"https:\\\/\\\/fyno.pt\\\/noticias\\\/da-cozinha-a-sala-de-aula-chef-luiz-de-franca-transforma-gastronomia-em-experiencia-pesquisa-e-formacao-profissional\\\/#primaryimage\"},\"thumbnailUrl\":\"https:\\\/\\\/fyno.pt\\\/wp-content\\\/uploads\\\/2026\\\/08\\\/img_0802.jpeg\",\"articleSection\":[\"Not\u00edcias\"],\"inLanguage\":\"pt-PT\"},{\"@type\":\"WebPage\",\"@id\":\"https:\\\/\\\/fyno.pt\\\/noticias\\\/da-cozinha-a-sala-de-aula-chef-luiz-de-franca-transforma-gastronomia-em-experiencia-pesquisa-e-formacao-profissional\\\/\",\"url\":\"https:\\\/\\\/fyno.pt\\\/noticias\\\/da-cozinha-a-sala-de-aula-chef-luiz-de-franca-transforma-gastronomia-em-experiencia-pesquisa-e-formacao-profissional\\\/\",\"name\":\"Da cozinha \u00e0 sala de aula: Chef Luiz de Fran\u00e7a transforma gastronomia em experi\u00eancia, pesquisa e forma\u00e7\u00e3o profissional - Fyno\",\"isPartOf\":{\"@id\":\"https:\\\/\\\/fyno.pt\\\/#website\"},\"primaryImageOfPage\":{\"@id\":\"https:\\\/\\\/fyno.pt\\\/noticias\\\/da-cozinha-a-sala-de-aula-chef-luiz-de-franca-transforma-gastronomia-em-experiencia-pesquisa-e-formacao-profissional\\\/#primaryimage\"},\"image\":{\"@id\":\"https:\\\/\\\/fyno.pt\\\/noticias\\\/da-cozinha-a-sala-de-aula-chef-luiz-de-franca-transforma-gastronomia-em-experiencia-pesquisa-e-formacao-profissional\\\/#primaryimage\"},\"thumbnailUrl\":\"https:\\\/\\\/fyno.pt\\\/wp-content\\\/uploads\\\/2026\\\/08\\\/img_0802.jpeg\",\"datePublished\":\"2026-08-27T12:42:38+00:00\",\"author\":{\"@id\":\"https:\\\/\\\/fyno.pt\\\/#\\\/schema\\\/person\\\/ab5b330ed5ed05f1b4a7b8e438f68187\"},\"breadcrumb\":{\"@id\":\"https:\\\/\\\/fyno.pt\\\/noticias\\\/da-cozinha-a-sala-de-aula-chef-luiz-de-franca-transforma-gastronomia-em-experiencia-pesquisa-e-formacao-profissional\\\/#breadcrumb\"},\"inLanguage\":\"pt-PT\",\"potentialAction\":[{\"@type\":\"ReadAction\",\"target\":[\"https:\\\/\\\/fyno.pt\\\/noticias\\\/da-cozinha-a-sala-de-aula-chef-luiz-de-franca-transforma-gastronomia-em-experiencia-pesquisa-e-formacao-profissional\\\/\"]}]},{\"@type\":\"ImageObject\",\"inLanguage\":\"pt-PT\",\"@id\":\"https:\\\/\\\/fyno.pt\\\/noticias\\\/da-cozinha-a-sala-de-aula-chef-luiz-de-franca-transforma-gastronomia-em-experiencia-pesquisa-e-formacao-profissional\\\/#primaryimage\",\"url\":\"https:\\\/\\\/fyno.pt\\\/wp-content\\\/uploads\\\/2026\\\/08\\\/img_0802.jpeg\",\"contentUrl\":\"https:\\\/\\\/fyno.pt\\\/wp-content\\\/uploads\\\/2026\\\/08\\\/img_0802.jpeg\",\"width\":1125,\"height\":568,\"caption\":\"Screenshot\"},{\"@type\":\"BreadcrumbList\",\"@id\":\"https:\\\/\\\/fyno.pt\\\/noticias\\\/da-cozinha-a-sala-de-aula-chef-luiz-de-franca-transforma-gastronomia-em-experiencia-pesquisa-e-formacao-profissional\\\/#breadcrumb\",\"itemListElement\":[{\"@type\":\"ListItem\",\"position\":1,\"name\":\"In\u00edcio\",\"item\":\"https:\\\/\\\/fyno.pt\\\/\"},{\"@type\":\"ListItem\",\"position\":2,\"name\":\"Da cozinha \u00e0 sala de aula: Chef Luiz de Fran\u00e7a transforma gastronomia em experi\u00eancia, pesquisa e forma\u00e7\u00e3o profissional\"}]},{\"@type\":\"WebSite\",\"@id\":\"https:\\\/\\\/fyno.pt\\\/#website\",\"url\":\"https:\\\/\\\/fyno.pt\\\/\",\"name\":\"Fyno\",\"description\":\"Not\u00edcia e informa\u00e7\u00e3o\",\"potentialAction\":[{\"@type\":\"SearchAction\",\"target\":{\"@type\":\"EntryPoint\",\"urlTemplate\":\"https:\\\/\\\/fyno.pt\\\/?s={search_term_string}\"},\"query-input\":{\"@type\":\"PropertyValueSpecification\",\"valueRequired\":true,\"valueName\":\"search_term_string\"}}],\"inLanguage\":\"pt-PT\"},{\"@type\":\"Person\",\"@id\":\"https:\\\/\\\/fyno.pt\\\/#\\\/schema\\\/person\\\/ab5b330ed5ed05f1b4a7b8e438f68187\",\"name\":\"Fyno\",\"image\":{\"@type\":\"ImageObject\",\"inLanguage\":\"pt-PT\",\"@id\":\"https:\\\/\\\/fyno.pt\\\/wp-content\\\/litespeed\\\/avatar\\\/8f51870e8d94c234e288da840d914372.jpg?ver=1788205134\",\"url\":\"https:\\\/\\\/fyno.pt\\\/wp-content\\\/litespeed\\\/avatar\\\/8f51870e8d94c234e288da840d914372.jpg?ver=1788205134\",\"contentUrl\":\"https:\\\/\\\/fyno.pt\\\/wp-content\\\/litespeed\\\/avatar\\\/8f51870e8d94c234e288da840d914372.jpg?ver=1788205134\",\"caption\":\"Fyno\"},\"description\":\"A sua fonte de informa\u00e7\u00e3o.\",\"url\":\"https:\\\/\\\/fyno.pt\\\/pt\\\/author\\\/fynopt\\\/\"}]}<\/script>\n<!-- \/ Yoast SEO Premium plugin. -->","yoast_head_json":{"title":"Da cozinha \u00e0 sala de aula: Chef Luiz de Fran\u00e7a transforma gastronomia em experi\u00eancia, pesquisa e forma\u00e7\u00e3o profissional - Fyno","robots":{"index":"index","follow":"follow","max-snippet":"max-snippet:-1","max-image-preview":"max-image-preview:large","max-video-preview":"max-video-preview:-1"},"canonical":"https:\/\/fyno.pt\/pt\/noticias\/da-cozinha-a-sala-de-aula-chef-luiz-de-franca-transforma-gastronomia-em-experiencia-pesquisa-e-formacao-profissional\/","og_locale":"pt_PT","og_type":"article","og_title":"Da cozinha \u00e0 sala de aula: Chef Luiz de Fran\u00e7a transforma gastronomia em experi\u00eancia, pesquisa e forma\u00e7\u00e3o profissional","og_description":"Com forma\u00e7\u00e3o pelo Le Cordon Bleu, atua\u00e7\u00e3o acad\u00eamica e presen\u00e7a em eventos, cursos e projetos corporativos, chef cearense constr\u00f3i trajet\u00f3ria que aproxima t\u00e9cnica culin\u00e1ria, cultura e educa\u00e7\u00e3o A gastronomia deixou de ser, para Luiz de Fran\u00e7a Braga Filho, apenas uma atividade desenvolvida entre panelas e fog\u00f5es. Chef, professor, consultor gastron\u00f4mico e pesquisador, ele vem construindo [&hellip;]","og_url":"https:\/\/fyno.pt\/pt\/noticias\/da-cozinha-a-sala-de-aula-chef-luiz-de-franca-transforma-gastronomia-em-experiencia-pesquisa-e-formacao-profissional\/","og_site_name":"Fyno","article_published_time":"2026-08-27T12:42:38+00:00","og_image":[{"width":1125,"height":568,"url":"https:\/\/fyno.pt\/wp-content\/uploads\/2026\/08\/img_0802.jpeg","type":"image\/jpeg"}],"author":"Fyno","twitter_card":"summary_large_image","twitter_misc":{"Escrito por":"Fyno","Tempo estimado de leitura":"6 minutos"},"schema":{"@context":"https:\/\/schema.org","@graph":[{"@type":"Article","@id":"https:\/\/fyno.pt\/noticias\/da-cozinha-a-sala-de-aula-chef-luiz-de-franca-transforma-gastronomia-em-experiencia-pesquisa-e-formacao-profissional\/#article","isPartOf":{"@id":"https:\/\/fyno.pt\/noticias\/da-cozinha-a-sala-de-aula-chef-luiz-de-franca-transforma-gastronomia-em-experiencia-pesquisa-e-formacao-profissional\/"},"author":{"name":"Fyno","@id":"https:\/\/fyno.pt\/#\/schema\/person\/ab5b330ed5ed05f1b4a7b8e438f68187"},"headline":"Da cozinha \u00e0 sala de aula: Chef Luiz de Fran\u00e7a transforma gastronomia em experi\u00eancia, pesquisa e forma\u00e7\u00e3o profissional","datePublished":"2026-08-27T12:42:38+00:00","mainEntityOfPage":{"@id":"https:\/\/fyno.pt\/noticias\/da-cozinha-a-sala-de-aula-chef-luiz-de-franca-transforma-gastronomia-em-experiencia-pesquisa-e-formacao-profissional\/"},"wordCount":1168,"image":{"@id":"https:\/\/fyno.pt\/noticias\/da-cozinha-a-sala-de-aula-chef-luiz-de-franca-transforma-gastronomia-em-experiencia-pesquisa-e-formacao-profissional\/#primaryimage"},"thumbnailUrl":"https:\/\/fyno.pt\/wp-content\/uploads\/2026\/08\/img_0802.jpeg","articleSection":["Not\u00edcias"],"inLanguage":"pt-PT"},{"@type":"WebPage","@id":"https:\/\/fyno.pt\/noticias\/da-cozinha-a-sala-de-aula-chef-luiz-de-franca-transforma-gastronomia-em-experiencia-pesquisa-e-formacao-profissional\/","url":"https:\/\/fyno.pt\/noticias\/da-cozinha-a-sala-de-aula-chef-luiz-de-franca-transforma-gastronomia-em-experiencia-pesquisa-e-formacao-profissional\/","name":"Da cozinha \u00e0 sala de aula: Chef Luiz de Fran\u00e7a transforma gastronomia em experi\u00eancia, pesquisa e forma\u00e7\u00e3o profissional - Fyno","isPartOf":{"@id":"https:\/\/fyno.pt\/#website"},"primaryImageOfPage":{"@id":"https:\/\/fyno.pt\/noticias\/da-cozinha-a-sala-de-aula-chef-luiz-de-franca-transforma-gastronomia-em-experiencia-pesquisa-e-formacao-profissional\/#primaryimage"},"image":{"@id":"https:\/\/fyno.pt\/noticias\/da-cozinha-a-sala-de-aula-chef-luiz-de-franca-transforma-gastronomia-em-experiencia-pesquisa-e-formacao-profissional\/#primaryimage"},"thumbnailUrl":"https:\/\/fyno.pt\/wp-content\/uploads\/2026\/08\/img_0802.jpeg","datePublished":"2026-08-27T12:42:38+00:00","author":{"@id":"https:\/\/fyno.pt\/#\/schema\/person\/ab5b330ed5ed05f1b4a7b8e438f68187"},"breadcrumb":{"@id":"https:\/\/fyno.pt\/noticias\/da-cozinha-a-sala-de-aula-chef-luiz-de-franca-transforma-gastronomia-em-experiencia-pesquisa-e-formacao-profissional\/#breadcrumb"},"inLanguage":"pt-PT","potentialAction":[{"@type":"ReadAction","target":["https:\/\/fyno.pt\/noticias\/da-cozinha-a-sala-de-aula-chef-luiz-de-franca-transforma-gastronomia-em-experiencia-pesquisa-e-formacao-profissional\/"]}]},{"@type":"ImageObject","inLanguage":"pt-PT","@id":"https:\/\/fyno.pt\/noticias\/da-cozinha-a-sala-de-aula-chef-luiz-de-franca-transforma-gastronomia-em-experiencia-pesquisa-e-formacao-profissional\/#primaryimage","url":"https:\/\/fyno.pt\/wp-content\/uploads\/2026\/08\/img_0802.jpeg","contentUrl":"https:\/\/fyno.pt\/wp-content\/uploads\/2026\/08\/img_0802.jpeg","width":1125,"height":568,"caption":"Screenshot"},{"@type":"BreadcrumbList","@id":"https:\/\/fyno.pt\/noticias\/da-cozinha-a-sala-de-aula-chef-luiz-de-franca-transforma-gastronomia-em-experiencia-pesquisa-e-formacao-profissional\/#breadcrumb","itemListElement":[{"@type":"ListItem","position":1,"name":"In\u00edcio","item":"https:\/\/fyno.pt\/"},{"@type":"ListItem","position":2,"name":"Da cozinha \u00e0 sala de aula: Chef Luiz de Fran\u00e7a transforma gastronomia em experi\u00eancia, pesquisa e forma\u00e7\u00e3o profissional"}]},{"@type":"WebSite","@id":"https:\/\/fyno.pt\/#website","url":"https:\/\/fyno.pt\/","name":"Fyno","description":"Not\u00edcia e informa\u00e7\u00e3o","potentialAction":[{"@type":"SearchAction","target":{"@type":"EntryPoint","urlTemplate":"https:\/\/fyno.pt\/?s={search_term_string}"},"query-input":{"@type":"PropertyValueSpecification","valueRequired":true,"valueName":"search_term_string"}}],"inLanguage":"pt-PT"},{"@type":"Person","@id":"https:\/\/fyno.pt\/#\/schema\/person\/ab5b330ed5ed05f1b4a7b8e438f68187","name":"Fyno","image":{"@type":"ImageObject","inLanguage":"pt-PT","@id":"https:\/\/fyno.pt\/wp-content\/litespeed\/avatar\/8f51870e8d94c234e288da840d914372.jpg?ver=1788205134","url":"https:\/\/fyno.pt\/wp-content\/litespeed\/avatar\/8f51870e8d94c234e288da840d914372.jpg?ver=1788205134","contentUrl":"https:\/\/fyno.pt\/wp-content\/litespeed\/avatar\/8f51870e8d94c234e288da840d914372.jpg?ver=1788205134","caption":"Fyno"},"description":"A sua fonte de informa\u00e7\u00e3o.","url":"https:\/\/fyno.pt\/pt\/author\/fynopt\/"}]}},"_links":{"self":[{"href":"https:\/\/fyno.pt\/pt\/wp-json\/wp\/v2\/posts\/43276","targetHints":{"allow":["GET"]}}],"collection":[{"href":"https:\/\/fyno.pt\/pt\/wp-json\/wp\/v2\/posts"}],"about":[{"href":"https:\/\/fyno.pt\/pt\/wp-json\/wp\/v2\/types\/post"}],"author":[{"embeddable":true,"href":"https:\/\/fyno.pt\/pt\/wp-json\/wp\/v2\/users\/9"}],"replies":[{"embeddable":true,"href":"https:\/\/fyno.pt\/pt\/wp-json\/wp\/v2\/comments?post=43276"}],"version-history":[{"count":1,"href":"https:\/\/fyno.pt\/pt\/wp-json\/wp\/v2\/posts\/43276\/revisions"}],"predecessor-version":[{"id":43277,"href":"https:\/\/fyno.pt\/pt\/wp-json\/wp\/v2\/posts\/43276\/revisions\/43277"}],"wp:featuredmedia":[{"embeddable":true,"href":"https:\/\/fyno.pt\/pt\/wp-json\/wp\/v2\/media\/43275"}],"wp:attachment":[{"href":"https:\/\/fyno.pt\/pt\/wp-json\/wp\/v2\/media?parent=43276"}],"wp:term":[{"taxonomy":"category","embeddable":true,"href":"https:\/\/fyno.pt\/pt\/wp-json\/wp\/v2\/categories?post=43276"},{"taxonomy":"post_tag","embeddable":true,"href":"https:\/\/fyno.pt\/pt\/wp-json\/wp\/v2\/tags?post=43276"}],"curies":[{"name":"wp","href":"https:\/\/api.w.org\/{rel}","templated":true}]}}