{"id":43273,"date":"2026-08-26T19:50:02","date_gmt":"2026-08-26T22:50:02","guid":{"rendered":"https:\/\/fyno.pt\/?p=43273"},"modified":"2026-08-26T19:50:02","modified_gmt":"2026-08-26T22:50:02","slug":"raimer-ferreira-une-experiencia-clinica-ensino-e-inovacao-para-ampliar-os-caminhos-da-periodontia","status":"publish","type":"post","link":"https:\/\/fyno.pt\/pt\/saude\/raimer-ferreira-une-experiencia-clinica-ensino-e-inovacao-para-ampliar-os-caminhos-da-periodontia\/","title":{"rendered":"Raimer Ferreira une experi\u00eancia cl\u00ednica, ensino e inova\u00e7\u00e3o para ampliar os caminhos da Periodontia"},"content":{"rendered":"<p class=\"p3\"><strong><em>Cirurgi\u00e3o-dentista e professor construiu trajet\u00f3ria na Odontologia com atua\u00e7\u00e3o em Periodontia, Ortodontia e Implantodontia, al\u00e9m de desenvolver solu\u00e7\u00f5es voltadas \u00e0 pr\u00e1tica cl\u00ednica<\/em><\/strong><\/p>\n\n\n\n<p class=\"p4\">A Odontologia vive uma transforma\u00e7\u00e3o constante. Novas tecnologias, t\u00e9cnicas cir\u00fargicas e ferramentas de diagn\u00f3stico v\u00eam modificando a forma como profissionais planejam tratamentos e buscam resultados cada vez mais previs\u00edveis. Nesse cen\u00e1rio, a trajet\u00f3ria do cirurgi\u00e3o-dentista <strong>Raimer Ferreira Souza<\/strong> re\u00fane tr\u00eas frentes que caminham lado a lado: atendimento cl\u00ednico, forma\u00e7\u00e3o de novos profissionais e desenvolvimento de solu\u00e7\u00f5es para a pr\u00e1tica odontol\u00f3gica.<\/p>\n\n\n\n<p class=\"p4\">Professor e especialista nas \u00e1reas de Ortodontia e Periodontia, Raimer vem construindo uma carreira ligada principalmente ao diagn\u00f3stico, planejamento e tratamento dos tecidos que sustentam os dentes e dos desafios est\u00e9ticos e funcionais relacionados ao sorriso.<\/p>\n\n\n\n<p class=\"p4\">Sua atua\u00e7\u00e3o acad\u00eamica tamb\u00e9m ganhou espa\u00e7o. Atualmente, seu nome aparece no corpo docente e na coordena\u00e7\u00e3o de cursos de p\u00f3s-gradua\u00e7\u00e3o da <strong>S\u00e3o Leopoldo Mandic<\/strong>, institui\u00e7\u00e3o de refer\u00eancia nacional na forma\u00e7\u00e3o em Odontologia. Em 2026, Raimer figura como coordenador de uma especializa\u00e7\u00e3o em Periodontia com capacita\u00e7\u00e3o em Implantodontia na unidade da Grande Vit\u00f3ria. <\/p>\n\n\n\n<h3 class=\"wp-block-heading\"><strong>Da forma\u00e7\u00e3o cl\u00ednica \u00e0 sala de aula<\/strong><\/h3>\n\n\n\n<p class=\"p4\">A rela\u00e7\u00e3o de Raimer com o ensino n\u00e3o \u00e9 recente.<\/p>\n\n\n\n<p class=\"p4\">Registros acad\u00eamicos da Universidade Vale do Rio Doce, a UNIVALE, apresentam o profissional como professor e mostram sua participa\u00e7\u00e3o em trabalhos cient\u00edficos ligados \u00e0 Periodontia, Implantodontia e reabilita\u00e7\u00e3o oral.<\/p>\n\n\n\n<p class=\"p4\">Em uma publica\u00e7\u00e3o cient\u00edfica sobre a rela\u00e7\u00e3o entre Ortodontia, Periodontia e Implantodontia, Raimer aparece entre os autores e \u00e9 identificado como especialista em Ortodontia e mestrando em Periodontia. O estudo discutiu a import\u00e2ncia da integra\u00e7\u00e3o entre diferentes especialidades para alcan\u00e7ar resultados est\u00e9ticos e funcionais na reabilita\u00e7\u00e3o oral. <\/p>\n\n\n\n<p class=\"p4\">A produ\u00e7\u00e3o acad\u00eamica acompanha uma caracter\u00edstica importante de sua trajet\u00f3ria: a preocupa\u00e7\u00e3o em aproximar conhecimento cient\u00edfico e aplica\u00e7\u00e3o cl\u00ednica.<\/p>\n\n\n\n<p class=\"p4\">Outro trabalho, publicado posteriormente, aborda a rela\u00e7\u00e3o entre diabetes e doen\u00e7a periodontal e conta com Raimer entre os autores. A pesquisa discute a conex\u00e3o entre a condi\u00e7\u00e3o sist\u00eamica e a doen\u00e7a periodontal e refor\u00e7a a necessidade de uma abordagem integrada no tratamento. <\/p>\n\n\n\n<h3 class=\"wp-block-heading\"><strong>Uma carreira constru\u00edda em torno da Periodontia<\/strong><\/h3>\n\n\n\n<p class=\"p4\">A Periodontia ocupa posi\u00e7\u00e3o central na trajet\u00f3ria profissional de Raimer.<\/p>\n\n\n\n<p class=\"p4\">A \u00e1rea \u00e9 respons\u00e1vel pelo diagn\u00f3stico e tratamento das estruturas que sustentam os dentes, incluindo gengiva, osso e ligamento periodontal. Tamb\u00e9m possui forte rela\u00e7\u00e3o com procedimentos est\u00e9ticos, especialmente aqueles que envolvem o contorno gengival e a exposi\u00e7\u00e3o excessiva da gengiva durante o sorriso.<\/p>\n\n\n\n<p class=\"p4\">Em sua forma\u00e7\u00e3o, Raimer acumulou especializa\u00e7\u00f5es e p\u00f3s-gradua\u00e7\u00f5es relacionadas \u00e0 Odontologia. Uma apresenta\u00e7\u00e3o profissional publicada durante um evento sobre Periodontia o descreve como especialista em Ortodontia, especialista em Cirurgia Pl\u00e1stica Periodontal, mestre em Periodontia e especialista em Periodontia pela S\u00e3o Leopoldo Mandic.<\/p>\n\n\n\n<p class=\"p4\">A forma\u00e7\u00e3o multidisciplinar ajuda a explicar a maneira como o profissional aborda casos que envolvem diferentes \u00e1reas da Odontologia.<\/p>\n\n\n\n<h3 class=\"wp-block-heading\"><strong>Ci\u00eancia aplicada ao consult\u00f3rio<\/strong><\/h3>\n\n\n\n<p class=\"p4\">Um dos cap\u00edtulos mais marcantes dessa trajet\u00f3ria aconteceu em 2024, quando Raimer apresentou um novo instrumental desenvolvido para procedimentos de aumento de coroa cl\u00ednica est\u00e9tica e corre\u00e7\u00e3o do chamado sorriso gengival.<\/p>\n\n\n\n<p class=\"p4\">Batizado de <strong>Blades Contour<\/strong>, o dispositivo foi desenvolvido em parceria com a empresa Maximus Instrumentais. A pr\u00f3pria UNIVALE destacou o projeto como resultado de pesquisa desenvolvida pelo professor.<\/p>\n\n\n\n<p class=\"p4\">A proposta surgiu de uma necessidade observada na pr\u00e1tica profissional.<\/p>\n\n\n\n<p class=\"p4\">Segundo Raimer relatou \u00e0 universidade durante o lan\u00e7amento, existiam dificuldades para reproduzir determinados procedimentos de aumento de coroa cl\u00ednica est\u00e9tica, o que motivou a busca por um instrumental que facilitasse a execu\u00e7\u00e3o e permitisse maior controle durante o procedimento. <\/p>\n\n\n\n<p class=\"p4\">O produto posteriormente passou a ser comercializado pela Maximus. A empresa descreve o Blades Contour como um instrumental desenvolvido em parceria com o professor para procedimentos de corre\u00e7\u00e3o do sorriso gengival e aumento de coroa cl\u00ednica, com l\u00e2minas curvas em diferentes medidas.<\/p>\n\n\n\n<h3 class=\"wp-block-heading\"><strong>O sorriso gengival como quest\u00e3o funcional e est\u00e9tica<\/strong><\/h3>\n\n\n\n<p class=\"p4\">A exposi\u00e7\u00e3o excessiva da gengiva durante o sorriso pode ser percebida como uma quest\u00e3o est\u00e9tica por muitos pacientes, mas seus impactos podem ultrapassar a apar\u00eancia.<\/p>\n\n\n\n<p class=\"p4\">No lan\u00e7amento do Blades Contour, Raimer destacou justamente o componente comportamental relacionado ao problema. Segundo o professor, pacientes que se sentiam incomodados com a exposi\u00e7\u00e3o gengival poderiam passar a limitar o pr\u00f3prio sorriso em situa\u00e7\u00f5es sociais.<\/p>\n\n\n\n<p class=\"p4\">A discuss\u00e3o mostra uma caracter\u00edstica cada vez mais presente na Odontologia contempor\u00e2nea: procedimentos est\u00e9ticos n\u00e3o s\u00e3o tratados apenas como mudan\u00e7as visuais, mas tamb\u00e9m dentro de uma perspectiva de autoestima, conforto e qualidade de vida.<\/p>\n\n\n\n<h3 class=\"wp-block-heading\"><strong>Forma\u00e7\u00e3o de novos especialistas<\/strong><\/h3>\n\n\n\n<p class=\"p4\">Enquanto desenvolve sua atua\u00e7\u00e3o cl\u00ednica e acad\u00eamica, Raimer tamb\u00e9m participa diretamente da forma\u00e7\u00e3o de outros cirurgi\u00f5es-dentistas.<\/p>\n\n\n\n<p class=\"p4\">Na S\u00e3o Leopoldo Mandic, seu nome aparece como coordenador de programas de especializa\u00e7\u00e3o em Periodontia e capacita\u00e7\u00e3o em Implantodontia. Os cursos s\u00e3o estruturados com atividades te\u00f3ricas, pr\u00e1ticas, cl\u00ednicas, laboratoriais e demonstrativas. <\/p>\n\n\n\n<p class=\"p4\">Tamb\u00e9m est\u00e1 associado a cursos de aperfei\u00e7oamento em cirurgia pl\u00e1stica periodontal e peri-implantar, voltados a profissionais que j\u00e1 possuem gradua\u00e7\u00e3o ou p\u00f3s-gradua\u00e7\u00e3o em Odontologia. A forma\u00e7\u00e3o aborda t\u00e9cnicas relacionadas ao manejo dos tecidos moles, recobrimento radicular, aumento de tecido queratinizado e procedimentos ao redor de implantes. <\/p>\n\n\n\n<p class=\"p4\">Na pr\u00e1tica, a sala de aula se tornou uma extens\u00e3o de sua experi\u00eancia profissional.<\/p>\n\n\n\n<p class=\"p4\">O objetivo n\u00e3o \u00e9 apenas transmitir protocolos, mas apresentar aos alunos uma forma de pensar o caso cl\u00ednico: diagnosticar corretamente, planejar antes de executar e compreender a rela\u00e7\u00e3o entre diferentes especialidades.<\/p>\n\n\n\n<h3 class=\"wp-block-heading\"><strong>Uma trajet\u00f3ria que combina diferentes especialidades<\/strong><\/h3>\n\n\n\n<p class=\"p4\">A pr\u00f3pria produ\u00e7\u00e3o cient\u00edfica associada ao nome de Raimer demonstra essa integra\u00e7\u00e3o.<\/p>\n\n\n\n<p class=\"p4\">Em trabalho publicado na Revista Cient\u00edfica FACS, ele aparece ao lado de professores e estudantes em uma discuss\u00e3o sobre a intera\u00e7\u00e3o entre Ortodontia, Periodontia e Implantodontia na reabilita\u00e7\u00e3o oral. O estudo ressalta que a preserva\u00e7\u00e3o e recupera\u00e7\u00e3o dos tecidos de suporte s\u00e3o determinantes tanto para os resultados est\u00e9ticos quanto funcionais. (<a href=\"https:\/\/periodicos.univale.br\/index.php\/revcientfacs\/article\/view\/298?utm_source=chatgpt.com\">UNIVALE Peri\u00f3dicos<\/a>)<\/p>\n\n\n\n<p class=\"p4\">Em outra publica\u00e7\u00e3o cient\u00edfica, sobre tratamento periodontal em paciente diab\u00e9tico, Raimer aparece como coautor em estudo publicado na \u00e1rea de Implantodontia e Periodontia. (<a href=\"https:\/\/fliphtml5.com\/wiun\/zmxx\/Revista_ImplantNews_v9n3\/?utm_source=chatgpt.com\">FlipHTML5<\/a>)<\/p>\n\n\n\n<p class=\"p4\">Esse conjunto de trabalhos ajuda a mostrar uma carreira que n\u00e3o est\u00e1 restrita ao atendimento odontol\u00f3gico, mas tamb\u00e9m participa da produ\u00e7\u00e3o e dissemina\u00e7\u00e3o de conhecimento.<\/p>\n\n\n\n<h3 class=\"wp-block-heading\"><strong>O desafio de aproximar inova\u00e7\u00e3o e pr\u00e1tica<\/strong><\/h3>\n\n\n\n<p class=\"p4\">Na Odontologia, inova\u00e7\u00e3o nem sempre significa uma tecnologia digital sofisticada.<\/p>\n\n\n\n<p class=\"p4\">Em muitos casos, ela nasce de uma dificuldade encontrada no consult\u00f3rio e da tentativa de encontrar uma maneira mais eficiente de executar determinado procedimento.<\/p>\n\n\n\n<p class=\"p4\">Foi a partir dessa l\u00f3gica que surgiu o Blades Contour.<\/p>\n\n\n\n<p class=\"p4\">O desenvolvimento do instrumental representa um exemplo de como a experi\u00eancia cl\u00ednica pode gerar uma demanda que posteriormente se transforma em produto. A iniciativa tamb\u00e9m aproxima tr\u00eas ambientes que tradicionalmente funcionam separados: universidade, profissional e ind\u00fastria.<\/p>\n\n\n\n<h3 class=\"wp-block-heading\"><strong>Conhecimento que ultrapassa o consult\u00f3rio<\/strong><\/h3>\n\n\n\n<p class=\"p4\">A presen\u00e7a digital de Raimer segue essa mesma l\u00f3gica.<\/p>\n\n\n\n<p class=\"p4\">Em seu perfil nas redes sociais, o profissional se apresenta como criador de conte\u00fado e utiliza a internet para falar sobre Periodontia, diagn\u00f3stico, planejamento e execu\u00e7\u00e3o cl\u00ednica. O pr\u00f3prio nome do projeto divulgado em seu perfil \u2014 <strong>\u201cO Algoritmo da Periodontia\u201d<\/strong> \u2014 indica a tentativa de transformar conhecimentos complexos da especialidade em conte\u00fado estruturado para outros profissionais.<\/p>\n\n\n\n<p class=\"p4\">A estrat\u00e9gia acompanha uma mudan\u00e7a na educa\u00e7\u00e3o continuada em Odontologia. Cursos presenciais continuam importantes, mas redes sociais, plataformas digitais e produtos educacionais passaram a ocupar espa\u00e7o na atualiza\u00e7\u00e3o profissional.<\/p>\n\n\n\n<h3 class=\"wp-block-heading\"><strong>Entre a cl\u00ednica, a pesquisa e o ensino<\/strong><\/h3>\n\n\n\n<p class=\"p4\">A trajet\u00f3ria de Raimer Ferreira Souza revela um perfil profissional que se desenvolveu em diferentes frentes da Odontologia.<\/p>\n\n\n\n<p class=\"p4\">De um lado, a atua\u00e7\u00e3o cl\u00ednica e a experi\u00eancia em \u00e1reas como Ortodontia, Periodontia e Implantodontia. De outro, a produ\u00e7\u00e3o cient\u00edfica e a participa\u00e7\u00e3o em projetos acad\u00eamicos. No meio dessas duas pontas est\u00e1 a doc\u00eancia, com a forma\u00e7\u00e3o de profissionais que chegam \u00e0 p\u00f3s-gradua\u00e7\u00e3o em busca de aperfei\u00e7oamento.<\/p>\n\n\n\n<p class=\"p4\">O desenvolvimento do Blades Contour acrescenta ainda um quarto elemento: a inova\u00e7\u00e3o aplicada \u00e0 pr\u00e1tica.<\/p>\n\n\n\n<p class=\"p4\">\u00c9 justamente essa combina\u00e7\u00e3o que define o espa\u00e7o ocupado por Raimer no cen\u00e1rio odontol\u00f3gico. Mais do que acompanhar as transforma\u00e7\u00f5es da \u00e1rea, o profissional vem buscando participar delas \u2014 seja na forma\u00e7\u00e3o de especialistas, na produ\u00e7\u00e3o de conhecimento ou na cria\u00e7\u00e3o de ferramentas destinadas ao trabalho cl\u00ednico.<\/p>\n\n\n\n<p class=\"p1\"><strong>Na Odontologia contempor\u00e2nea, conhecimento, precis\u00e3o e inova\u00e7\u00e3o caminham cada vez mais pr\u00f3ximos. E \u00e9 nessa interse\u00e7\u00e3o que Raimer Ferreira vem construindo sua trajet\u00f3ria profissional.<\/strong><\/p>","protected":false},"excerpt":{"rendered":"<p>Cirurgi\u00e3o-dentista e professor construiu trajet\u00f3ria na Odontologia com atua\u00e7\u00e3o em Periodontia, Ortodontia e Implantodontia, al\u00e9m de desenvolver solu\u00e7\u00f5es voltadas \u00e0 pr\u00e1tica cl\u00ednica A Odontologia vive uma transforma\u00e7\u00e3o constante. Novas tecnologias, t\u00e9cnicas cir\u00fargicas e ferramentas de diagn\u00f3stico v\u00eam modificando a forma como profissionais planejam tratamentos e buscam resultados cada vez mais previs\u00edveis. Nesse cen\u00e1rio, a trajet\u00f3ria [&hellip;]<\/p>\n","protected":false},"author":9,"featured_media":43272,"comment_status":"closed","ping_status":"open","sticky":false,"template":"","format":"standard","meta":{"footnotes":""},"categories":[1434],"tags":[],"class_list":["post-43273","post","type-post","status-publish","format-standard","has-post-thumbnail","hentry","category-saude"],"yoast_head":"<!-- This site is optimized with the Yoast SEO Premium plugin v27.9 (Yoast SEO v27.9) - https:\/\/yoast.com\/product\/yoast-seo-premium-wordpress\/ -->\n<title>Raimer Ferreira une experi\u00eancia cl\u00ednica, ensino e inova\u00e7\u00e3o para ampliar os caminhos da Periodontia - Fyno<\/title>\n<meta name=\"robots\" content=\"index, follow, max-snippet:-1, max-image-preview:large, max-video-preview:-1\" \/>\n<link rel=\"canonical\" href=\"https:\/\/fyno.pt\/pt\/saude\/raimer-ferreira-une-experiencia-clinica-ensino-e-inovacao-para-ampliar-os-caminhos-da-periodontia\/\" \/>\n<meta property=\"og:locale\" content=\"pt_PT\" \/>\n<meta property=\"og:type\" content=\"article\" \/>\n<meta property=\"og:title\" content=\"Raimer Ferreira une experi\u00eancia cl\u00ednica, ensino e inova\u00e7\u00e3o para ampliar os caminhos da Periodontia\" \/>\n<meta property=\"og:description\" content=\"Cirurgi\u00e3o-dentista e professor construiu trajet\u00f3ria na Odontologia com atua\u00e7\u00e3o em Periodontia, Ortodontia e Implantodontia, al\u00e9m de desenvolver solu\u00e7\u00f5es voltadas \u00e0 pr\u00e1tica cl\u00ednica A Odontologia vive uma transforma\u00e7\u00e3o constante. Novas tecnologias, t\u00e9cnicas cir\u00fargicas e ferramentas de diagn\u00f3stico v\u00eam modificando a forma como profissionais planejam tratamentos e buscam resultados cada vez mais previs\u00edveis. Nesse cen\u00e1rio, a trajet\u00f3ria [&hellip;]\" \/>\n<meta property=\"og:url\" content=\"https:\/\/fyno.pt\/pt\/saude\/raimer-ferreira-une-experiencia-clinica-ensino-e-inovacao-para-ampliar-os-caminhos-da-periodontia\/\" \/>\n<meta property=\"og:site_name\" content=\"Fyno\" \/>\n<meta property=\"article:published_time\" content=\"2026-08-26T22:50:02+00:00\" \/>\n<meta property=\"og:image\" content=\"https:\/\/fyno.pt\/wp-content\/uploads\/2026\/08\/img_0783.jpeg\" \/>\n\t<meta property=\"og:image:width\" content=\"1125\" \/>\n\t<meta property=\"og:image:height\" content=\"782\" \/>\n\t<meta property=\"og:image:type\" content=\"image\/jpeg\" \/>\n<meta name=\"author\" content=\"Fyno\" \/>\n<meta name=\"twitter:card\" content=\"summary_large_image\" \/>\n<meta name=\"twitter:label1\" content=\"Escrito por\" \/>\n\t<meta name=\"twitter:data1\" content=\"Fyno\" \/>\n\t<meta name=\"twitter:label2\" content=\"Tempo estimado de leitura\" \/>\n\t<meta name=\"twitter:data2\" content=\"8 minutos\" \/>\n<script type=\"application\/ld+json\" class=\"yoast-schema-graph\">{\"@context\":\"https:\\\/\\\/schema.org\",\"@graph\":[{\"@type\":\"Article\",\"@id\":\"https:\\\/\\\/fyno.pt\\\/saude\\\/raimer-ferreira-une-experiencia-clinica-ensino-e-inovacao-para-ampliar-os-caminhos-da-periodontia\\\/#article\",\"isPartOf\":{\"@id\":\"https:\\\/\\\/fyno.pt\\\/saude\\\/raimer-ferreira-une-experiencia-clinica-ensino-e-inovacao-para-ampliar-os-caminhos-da-periodontia\\\/\"},\"author\":{\"name\":\"Fyno\",\"@id\":\"https:\\\/\\\/fyno.pt\\\/#\\\/schema\\\/person\\\/ab5b330ed5ed05f1b4a7b8e438f68187\"},\"headline\":\"Raimer Ferreira une experi\u00eancia cl\u00ednica, ensino e inova\u00e7\u00e3o para ampliar os caminhos da Periodontia\",\"datePublished\":\"2026-08-26T22:50:02+00:00\",\"mainEntityOfPage\":{\"@id\":\"https:\\\/\\\/fyno.pt\\\/saude\\\/raimer-ferreira-une-experiencia-clinica-ensino-e-inovacao-para-ampliar-os-caminhos-da-periodontia\\\/\"},\"wordCount\":1535,\"image\":{\"@id\":\"https:\\\/\\\/fyno.pt\\\/saude\\\/raimer-ferreira-une-experiencia-clinica-ensino-e-inovacao-para-ampliar-os-caminhos-da-periodontia\\\/#primaryimage\"},\"thumbnailUrl\":\"https:\\\/\\\/fyno.pt\\\/wp-content\\\/uploads\\\/2026\\\/08\\\/img_0783.jpeg\",\"articleSection\":[\"Sa\u00fade\"],\"inLanguage\":\"pt-PT\"},{\"@type\":\"WebPage\",\"@id\":\"https:\\\/\\\/fyno.pt\\\/saude\\\/raimer-ferreira-une-experiencia-clinica-ensino-e-inovacao-para-ampliar-os-caminhos-da-periodontia\\\/\",\"url\":\"https:\\\/\\\/fyno.pt\\\/saude\\\/raimer-ferreira-une-experiencia-clinica-ensino-e-inovacao-para-ampliar-os-caminhos-da-periodontia\\\/\",\"name\":\"Raimer Ferreira une experi\u00eancia cl\u00ednica, ensino e inova\u00e7\u00e3o para ampliar os caminhos da Periodontia - Fyno\",\"isPartOf\":{\"@id\":\"https:\\\/\\\/fyno.pt\\\/#website\"},\"primaryImageOfPage\":{\"@id\":\"https:\\\/\\\/fyno.pt\\\/saude\\\/raimer-ferreira-une-experiencia-clinica-ensino-e-inovacao-para-ampliar-os-caminhos-da-periodontia\\\/#primaryimage\"},\"image\":{\"@id\":\"https:\\\/\\\/fyno.pt\\\/saude\\\/raimer-ferreira-une-experiencia-clinica-ensino-e-inovacao-para-ampliar-os-caminhos-da-periodontia\\\/#primaryimage\"},\"thumbnailUrl\":\"https:\\\/\\\/fyno.pt\\\/wp-content\\\/uploads\\\/2026\\\/08\\\/img_0783.jpeg\",\"datePublished\":\"2026-08-26T22:50:02+00:00\",\"author\":{\"@id\":\"https:\\\/\\\/fyno.pt\\\/#\\\/schema\\\/person\\\/ab5b330ed5ed05f1b4a7b8e438f68187\"},\"breadcrumb\":{\"@id\":\"https:\\\/\\\/fyno.pt\\\/saude\\\/raimer-ferreira-une-experiencia-clinica-ensino-e-inovacao-para-ampliar-os-caminhos-da-periodontia\\\/#breadcrumb\"},\"inLanguage\":\"pt-PT\",\"potentialAction\":[{\"@type\":\"ReadAction\",\"target\":[\"https:\\\/\\\/fyno.pt\\\/saude\\\/raimer-ferreira-une-experiencia-clinica-ensino-e-inovacao-para-ampliar-os-caminhos-da-periodontia\\\/\"]}]},{\"@type\":\"ImageObject\",\"inLanguage\":\"pt-PT\",\"@id\":\"https:\\\/\\\/fyno.pt\\\/saude\\\/raimer-ferreira-une-experiencia-clinica-ensino-e-inovacao-para-ampliar-os-caminhos-da-periodontia\\\/#primaryimage\",\"url\":\"https:\\\/\\\/fyno.pt\\\/wp-content\\\/uploads\\\/2026\\\/08\\\/img_0783.jpeg\",\"contentUrl\":\"https:\\\/\\\/fyno.pt\\\/wp-content\\\/uploads\\\/2026\\\/08\\\/img_0783.jpeg\",\"width\":1125,\"height\":782,\"caption\":\"Screenshot\"},{\"@type\":\"BreadcrumbList\",\"@id\":\"https:\\\/\\\/fyno.pt\\\/saude\\\/raimer-ferreira-une-experiencia-clinica-ensino-e-inovacao-para-ampliar-os-caminhos-da-periodontia\\\/#breadcrumb\",\"itemListElement\":[{\"@type\":\"ListItem\",\"position\":1,\"name\":\"In\u00edcio\",\"item\":\"https:\\\/\\\/fyno.pt\\\/\"},{\"@type\":\"ListItem\",\"position\":2,\"name\":\"Raimer Ferreira une experi\u00eancia cl\u00ednica, ensino e inova\u00e7\u00e3o para ampliar os caminhos da Periodontia\"}]},{\"@type\":\"WebSite\",\"@id\":\"https:\\\/\\\/fyno.pt\\\/#website\",\"url\":\"https:\\\/\\\/fyno.pt\\\/\",\"name\":\"Fyno\",\"description\":\"Not\u00edcia e informa\u00e7\u00e3o\",\"potentialAction\":[{\"@type\":\"SearchAction\",\"target\":{\"@type\":\"EntryPoint\",\"urlTemplate\":\"https:\\\/\\\/fyno.pt\\\/?s={search_term_string}\"},\"query-input\":{\"@type\":\"PropertyValueSpecification\",\"valueRequired\":true,\"valueName\":\"search_term_string\"}}],\"inLanguage\":\"pt-PT\"},{\"@type\":\"Person\",\"@id\":\"https:\\\/\\\/fyno.pt\\\/#\\\/schema\\\/person\\\/ab5b330ed5ed05f1b4a7b8e438f68187\",\"name\":\"Fyno\",\"image\":{\"@type\":\"ImageObject\",\"inLanguage\":\"pt-PT\",\"@id\":\"https:\\\/\\\/fyno.pt\\\/wp-content\\\/litespeed\\\/avatar\\\/8f51870e8d94c234e288da840d914372.jpg?ver=1788205134\",\"url\":\"https:\\\/\\\/fyno.pt\\\/wp-content\\\/litespeed\\\/avatar\\\/8f51870e8d94c234e288da840d914372.jpg?ver=1788205134\",\"contentUrl\":\"https:\\\/\\\/fyno.pt\\\/wp-content\\\/litespeed\\\/avatar\\\/8f51870e8d94c234e288da840d914372.jpg?ver=1788205134\",\"caption\":\"Fyno\"},\"description\":\"A sua fonte de informa\u00e7\u00e3o.\",\"url\":\"https:\\\/\\\/fyno.pt\\\/pt\\\/author\\\/fynopt\\\/\"}]}<\/script>\n<!-- \/ Yoast SEO Premium plugin. -->","yoast_head_json":{"title":"Raimer Ferreira une experi\u00eancia cl\u00ednica, ensino e inova\u00e7\u00e3o para ampliar os caminhos da Periodontia - Fyno","robots":{"index":"index","follow":"follow","max-snippet":"max-snippet:-1","max-image-preview":"max-image-preview:large","max-video-preview":"max-video-preview:-1"},"canonical":"https:\/\/fyno.pt\/pt\/saude\/raimer-ferreira-une-experiencia-clinica-ensino-e-inovacao-para-ampliar-os-caminhos-da-periodontia\/","og_locale":"pt_PT","og_type":"article","og_title":"Raimer Ferreira une experi\u00eancia cl\u00ednica, ensino e inova\u00e7\u00e3o para ampliar os caminhos da Periodontia","og_description":"Cirurgi\u00e3o-dentista e professor construiu trajet\u00f3ria na Odontologia com atua\u00e7\u00e3o em Periodontia, Ortodontia e Implantodontia, al\u00e9m de desenvolver solu\u00e7\u00f5es voltadas \u00e0 pr\u00e1tica cl\u00ednica A Odontologia vive uma transforma\u00e7\u00e3o constante. Novas tecnologias, t\u00e9cnicas cir\u00fargicas e ferramentas de diagn\u00f3stico v\u00eam modificando a forma como profissionais planejam tratamentos e buscam resultados cada vez mais previs\u00edveis. Nesse cen\u00e1rio, a trajet\u00f3ria [&hellip;]","og_url":"https:\/\/fyno.pt\/pt\/saude\/raimer-ferreira-une-experiencia-clinica-ensino-e-inovacao-para-ampliar-os-caminhos-da-periodontia\/","og_site_name":"Fyno","article_published_time":"2026-08-26T22:50:02+00:00","og_image":[{"width":1125,"height":782,"url":"https:\/\/fyno.pt\/wp-content\/uploads\/2026\/08\/img_0783.jpeg","type":"image\/jpeg"}],"author":"Fyno","twitter_card":"summary_large_image","twitter_misc":{"Escrito por":"Fyno","Tempo estimado de leitura":"8 minutos"},"schema":{"@context":"https:\/\/schema.org","@graph":[{"@type":"Article","@id":"https:\/\/fyno.pt\/saude\/raimer-ferreira-une-experiencia-clinica-ensino-e-inovacao-para-ampliar-os-caminhos-da-periodontia\/#article","isPartOf":{"@id":"https:\/\/fyno.pt\/saude\/raimer-ferreira-une-experiencia-clinica-ensino-e-inovacao-para-ampliar-os-caminhos-da-periodontia\/"},"author":{"name":"Fyno","@id":"https:\/\/fyno.pt\/#\/schema\/person\/ab5b330ed5ed05f1b4a7b8e438f68187"},"headline":"Raimer Ferreira une experi\u00eancia cl\u00ednica, ensino e inova\u00e7\u00e3o para ampliar os caminhos da Periodontia","datePublished":"2026-08-26T22:50:02+00:00","mainEntityOfPage":{"@id":"https:\/\/fyno.pt\/saude\/raimer-ferreira-une-experiencia-clinica-ensino-e-inovacao-para-ampliar-os-caminhos-da-periodontia\/"},"wordCount":1535,"image":{"@id":"https:\/\/fyno.pt\/saude\/raimer-ferreira-une-experiencia-clinica-ensino-e-inovacao-para-ampliar-os-caminhos-da-periodontia\/#primaryimage"},"thumbnailUrl":"https:\/\/fyno.pt\/wp-content\/uploads\/2026\/08\/img_0783.jpeg","articleSection":["Sa\u00fade"],"inLanguage":"pt-PT"},{"@type":"WebPage","@id":"https:\/\/fyno.pt\/saude\/raimer-ferreira-une-experiencia-clinica-ensino-e-inovacao-para-ampliar-os-caminhos-da-periodontia\/","url":"https:\/\/fyno.pt\/saude\/raimer-ferreira-une-experiencia-clinica-ensino-e-inovacao-para-ampliar-os-caminhos-da-periodontia\/","name":"Raimer Ferreira une experi\u00eancia cl\u00ednica, ensino e inova\u00e7\u00e3o para ampliar os caminhos da Periodontia - Fyno","isPartOf":{"@id":"https:\/\/fyno.pt\/#website"},"primaryImageOfPage":{"@id":"https:\/\/fyno.pt\/saude\/raimer-ferreira-une-experiencia-clinica-ensino-e-inovacao-para-ampliar-os-caminhos-da-periodontia\/#primaryimage"},"image":{"@id":"https:\/\/fyno.pt\/saude\/raimer-ferreira-une-experiencia-clinica-ensino-e-inovacao-para-ampliar-os-caminhos-da-periodontia\/#primaryimage"},"thumbnailUrl":"https:\/\/fyno.pt\/wp-content\/uploads\/2026\/08\/img_0783.jpeg","datePublished":"2026-08-26T22:50:02+00:00","author":{"@id":"https:\/\/fyno.pt\/#\/schema\/person\/ab5b330ed5ed05f1b4a7b8e438f68187"},"breadcrumb":{"@id":"https:\/\/fyno.pt\/saude\/raimer-ferreira-une-experiencia-clinica-ensino-e-inovacao-para-ampliar-os-caminhos-da-periodontia\/#breadcrumb"},"inLanguage":"pt-PT","potentialAction":[{"@type":"ReadAction","target":["https:\/\/fyno.pt\/saude\/raimer-ferreira-une-experiencia-clinica-ensino-e-inovacao-para-ampliar-os-caminhos-da-periodontia\/"]}]},{"@type":"ImageObject","inLanguage":"pt-PT","@id":"https:\/\/fyno.pt\/saude\/raimer-ferreira-une-experiencia-clinica-ensino-e-inovacao-para-ampliar-os-caminhos-da-periodontia\/#primaryimage","url":"https:\/\/fyno.pt\/wp-content\/uploads\/2026\/08\/img_0783.jpeg","contentUrl":"https:\/\/fyno.pt\/wp-content\/uploads\/2026\/08\/img_0783.jpeg","width":1125,"height":782,"caption":"Screenshot"},{"@type":"BreadcrumbList","@id":"https:\/\/fyno.pt\/saude\/raimer-ferreira-une-experiencia-clinica-ensino-e-inovacao-para-ampliar-os-caminhos-da-periodontia\/#breadcrumb","itemListElement":[{"@type":"ListItem","position":1,"name":"In\u00edcio","item":"https:\/\/fyno.pt\/"},{"@type":"ListItem","position":2,"name":"Raimer Ferreira une experi\u00eancia cl\u00ednica, ensino e inova\u00e7\u00e3o para ampliar os caminhos da Periodontia"}]},{"@type":"WebSite","@id":"https:\/\/fyno.pt\/#website","url":"https:\/\/fyno.pt\/","name":"Fyno","description":"Not\u00edcia e informa\u00e7\u00e3o","potentialAction":[{"@type":"SearchAction","target":{"@type":"EntryPoint","urlTemplate":"https:\/\/fyno.pt\/?s={search_term_string}"},"query-input":{"@type":"PropertyValueSpecification","valueRequired":true,"valueName":"search_term_string"}}],"inLanguage":"pt-PT"},{"@type":"Person","@id":"https:\/\/fyno.pt\/#\/schema\/person\/ab5b330ed5ed05f1b4a7b8e438f68187","name":"Fyno","image":{"@type":"ImageObject","inLanguage":"pt-PT","@id":"https:\/\/fyno.pt\/wp-content\/litespeed\/avatar\/8f51870e8d94c234e288da840d914372.jpg?ver=1788205134","url":"https:\/\/fyno.pt\/wp-content\/litespeed\/avatar\/8f51870e8d94c234e288da840d914372.jpg?ver=1788205134","contentUrl":"https:\/\/fyno.pt\/wp-content\/litespeed\/avatar\/8f51870e8d94c234e288da840d914372.jpg?ver=1788205134","caption":"Fyno"},"description":"A sua fonte de informa\u00e7\u00e3o.","url":"https:\/\/fyno.pt\/pt\/author\/fynopt\/"}]}},"_links":{"self":[{"href":"https:\/\/fyno.pt\/pt\/wp-json\/wp\/v2\/posts\/43273","targetHints":{"allow":["GET"]}}],"collection":[{"href":"https:\/\/fyno.pt\/pt\/wp-json\/wp\/v2\/posts"}],"about":[{"href":"https:\/\/fyno.pt\/pt\/wp-json\/wp\/v2\/types\/post"}],"author":[{"embeddable":true,"href":"https:\/\/fyno.pt\/pt\/wp-json\/wp\/v2\/users\/9"}],"replies":[{"embeddable":true,"href":"https:\/\/fyno.pt\/pt\/wp-json\/wp\/v2\/comments?post=43273"}],"version-history":[{"count":1,"href":"https:\/\/fyno.pt\/pt\/wp-json\/wp\/v2\/posts\/43273\/revisions"}],"predecessor-version":[{"id":43274,"href":"https:\/\/fyno.pt\/pt\/wp-json\/wp\/v2\/posts\/43273\/revisions\/43274"}],"wp:featuredmedia":[{"embeddable":true,"href":"https:\/\/fyno.pt\/pt\/wp-json\/wp\/v2\/media\/43272"}],"wp:attachment":[{"href":"https:\/\/fyno.pt\/pt\/wp-json\/wp\/v2\/media?parent=43273"}],"wp:term":[{"taxonomy":"category","embeddable":true,"href":"https:\/\/fyno.pt\/pt\/wp-json\/wp\/v2\/categories?post=43273"},{"taxonomy":"post_tag","embeddable":true,"href":"https:\/\/fyno.pt\/pt\/wp-json\/wp\/v2\/tags?post=43273"}],"curies":[{"name":"wp","href":"https:\/\/api.w.org\/{rel}","templated":true}]}}