{"id":43262,"date":"2026-08-26T15:13:09","date_gmt":"2026-08-26T18:13:09","guid":{"rendered":"https:\/\/fyno.pt\/?p=43262"},"modified":"2026-08-26T15:13:09","modified_gmt":"2026-08-26T18:13:09","slug":"jeferson-alves-amplia-presenca-no-mercado-fitness-e-transforma-experiencia-profissional-em-negocio-digital","status":"publish","type":"post","link":"https:\/\/fyno.pt\/pt\/noticias\/jeferson-alves-amplia-presenca-no-mercado-fitness-e-transforma-experiencia-profissional-em-negocio-digital\/","title":{"rendered":"Jeferson Alves amplia presen\u00e7a no mercado fitness e transforma experi\u00eancia profissional em neg\u00f3cio digital"},"content":{"rendered":"<p class=\"p3\"><strong><em>Personal trainer construiu uma atua\u00e7\u00e3o voltada ao p\u00fablico feminino e utiliza as redes sociais como principal ferramenta para disseminar conte\u00fado sobre treinamento, emagrecimento e defini\u00e7\u00e3o corporal<\/em><\/strong><\/p>\n\n\n\n<p class=\"p4\">O avan\u00e7o das redes sociais transformou a maneira como profissionais de diferentes \u00e1reas se relacionam com o p\u00fablico. No mercado fitness, a mudan\u00e7a \u00e9 particularmente evidente: al\u00e9m das academias e dos atendimentos presenciais, personal trainers passaram a construir comunidades digitais, desenvolver produtos pr\u00f3prios e oferecer acompanhamento a clientes de diferentes regi\u00f5es.<\/p>\n\n\n\n<p class=\"p4\">\u00c9 nesse cen\u00e1rio que se destaca o trabalho desenvolvido por <strong>Jeferson Alves<\/strong>, personal trainer que ganhou proje\u00e7\u00e3o nas redes sociais com conte\u00fado direcionado principalmente a mulheres interessadas em emagrecimento, treinamento e defini\u00e7\u00e3o corporal.<\/p>\n\n\n\n<p class=\"p4\">No Instagram, onde mant\u00e9m o perfil <strong>@personal_jeffalves<\/strong>, o profissional re\u00fane uma audi\u00eancia de grande alcance. A p\u00e1gina consultada apresenta centenas de milhares de seguidores e milhares de publica\u00e7\u00f5es, consolidando o perfil como um dos principais canais de comunica\u00e7\u00e3o de sua marca pessoal.<\/p>\n\n\n\n<h3 class=\"wp-block-heading\"><strong>Mais de uma d\u00e9cada dedicada ao treinamento<\/strong><\/h3>\n\n\n\n<p class=\"p4\">Em suas plataformas profissionais, Jeferson Alves afirma atuar h\u00e1 <strong>mais de 15 anos<\/strong> como personal trainer e ter constru\u00eddo sua carreira com especializa\u00e7\u00e3o no atendimento ao p\u00fablico feminino.<\/p>\n\n\n\n<p class=\"p4\">Segundo informa\u00e7\u00f5es divulgadas pelo pr\u00f3prio profissional, sua atua\u00e7\u00e3o j\u00e1 alcan\u00e7ou mulheres em mais de 50 pa\u00edses e resultou no desenvolvimento de uma metodologia pr\u00f3pria, denominada <strong>M\u00e9todo Choque Metab\u00f3lico<\/strong>.<\/p>\n\n\n\n<p class=\"p4\">A proposta apresentada por Jeferson \u00e9 oferecer um acompanhamento individualizado, considerando a rotina e as caracter\u00edsticas de cada aluna. O servi\u00e7o divulgado atualmente combina orienta\u00e7\u00e3o de treinamento e acompanhamento relacionado \u00e0 alimenta\u00e7\u00e3o, al\u00e9m de suporte online. <\/p>\n\n\n\n<p class=\"p4\">Os n\u00fameros de alunas e os resultados apresentados nas p\u00e1ginas comerciais s\u00e3o declara\u00e7\u00f5es divulgadas pelo pr\u00f3prio profissional e, portanto, s\u00e3o tratados nesta reportagem como informa\u00e7\u00f5es institucionais da marca.<\/p>\n\n\n\n<h3 class=\"wp-block-heading\"><strong>Uma metodologia transformada em marca<\/strong><\/h3>\n\n\n\n<p class=\"p4\">O chamado <strong>M\u00e9todo Choque Metab\u00f3lico<\/strong> tornou-se um dos principais elementos da identidade profissional de Jeferson Alves.<\/p>\n\n\n\n<p class=\"p4\">Em seus materiais de divulga\u00e7\u00e3o, a metodologia \u00e9 apresentada como uma abordagem baseada em exerc\u00edcios planejados e adaptados \u00e0s particularidades de cada pessoa. A comunica\u00e7\u00e3o da marca tamb\u00e9m enfatiza uma proposta de acompanhamento mais pr\u00f3ximo e compat\u00edvel com mulheres que possuem pouco tempo dispon\u00edvel para treinar. <\/p>\n\n\n\n<p class=\"p4\">Mais do que uma sequ\u00eancia de exerc\u00edcios, o m\u00e9todo passou a funcionar como parte de uma estrat\u00e9gia de posicionamento profissional. A cria\u00e7\u00e3o de uma metodologia com nome pr\u00f3prio permite ao personal trainer organizar seus servi\u00e7os, conte\u00fados e produtos digitais em torno de uma identidade \u00fanica.<\/p>\n\n\n\n<h3 class=\"wp-block-heading\"><strong>Conte\u00fado que ultrapassou a academia<\/strong><\/h3>\n\n\n\n<p class=\"p4\">A presen\u00e7a de Jeferson nas redes sociais tamb\u00e9m fez com que orienta\u00e7\u00f5es relacionadas ao treinamento passassem a circular fora dos canais pr\u00f3prios.<\/p>\n\n\n\n<p class=\"p4\">Em outubro de 2025, o <strong>Portal LeoDias<\/strong> publicou uma reportagem sobre os chamados \u201cquadris de violino\u201d e utilizou conte\u00fado atribu\u00eddo ao personal trainer para explicar como determinados exerc\u00edcios podem contribuir visualmente para o desenvolvimento da regi\u00e3o dos gl\u00fateos. <\/p>\n\n\n\n<p class=\"p4\">A publica\u00e7\u00e3o mostra uma das caracter\u00edsticas da estrat\u00e9gia adotada por profissionais fitness na era digital: conte\u00fados originalmente produzidos para redes sociais podem alcan\u00e7ar ve\u00edculos de comunica\u00e7\u00e3o e novos p\u00fablicos quando determinados temas despertam interesse.<\/p>\n\n\n\n<h3 class=\"wp-block-heading\"><strong>Estrutura empresarial<\/strong><\/h3>\n\n\n\n<p class=\"p4\">A atua\u00e7\u00e3o profissional tamb\u00e9m est\u00e1 acompanhada de uma estrutura empresarial formalizada.<\/p>\n\n\n\n<p class=\"p4\">Dados p\u00fablicos de cadastro empresarial mostram que a <strong>Jeferson Alves Consultoria Fitnes LTDA<\/strong>, inscrita no CNPJ <strong>46.836.218\/0001-81<\/strong>, foi aberta em <strong>20 de junho de 2022<\/strong>, em Bento Gon\u00e7alves, no Rio Grande do Sul, e aparece atualmente com situa\u00e7\u00e3o cadastral ativa. <\/p>\n\n\n\n<p class=\"p4\">A atividade econ\u00f4mica principal registrada \u00e9 <strong>atividades de condicionamento f\u00edsico<\/strong>, segmento que inclui servi\u00e7os de personal trainer e outras modalidades relacionadas ao treinamento f\u00edsico. A empresa tamb\u00e9m possui atividades secund\u00e1rias relacionadas ao com\u00e9rcio de produtos aliment\u00edcios, livros e treinamento em desenvolvimento profissional e gerencial. <\/p>\n\n\n\n<p class=\"p4\">O quadro societ\u00e1rio consultado registra <strong>Jeferson Patrick Alves dos Santos<\/strong> como s\u00f3cio-administrador desde a abertura da empresa e <strong>Elisangela Barbara Bastos Alves<\/strong> como outra s\u00f3cia-administradora, incorporada posteriormente ao quadro societ\u00e1rio.<\/p>\n\n\n\n<h3 class=\"wp-block-heading\"><strong>Do servi\u00e7o individual ao modelo digital<\/strong><\/h3>\n\n\n\n<p class=\"p4\">A trajet\u00f3ria empresarial acompanha uma transforma\u00e7\u00e3o mais ampla do mercado de atividade f\u00edsica.<\/p>\n\n\n\n<p class=\"p4\">O personal trainer tradicionalmente depende de uma rela\u00e7\u00e3o direta com o aluno e de um espa\u00e7o f\u00edsico para desenvolver seu trabalho. Com as plataformas digitais, entretanto, profissionais passaram a oferecer acompanhamento remoto, programas de treinamento, desafios e produtos digitais.<\/p>\n\n\n\n<p class=\"p4\">Jeferson Alves segue justamente esse caminho.<\/p>\n\n\n\n<p class=\"p4\">Al\u00e9m da consultoria individualizada, sua empresa aparece associada a produtos digitais comercializados pela internet. Um exemplo \u00e9 o <strong>\u201cDesafio Barriga Zero em 21 dias\u201d<\/strong>, produto disponibilizado na plataforma Hotmart em nome da Jeferson Alves Consultoria Fitnes LTDA. <\/p>\n\n\n\n<p class=\"p4\">A estrat\u00e9gia amplia o alcance da atividade profissional: em vez de depender exclusivamente de hor\u00e1rios presenciais, o conhecimento e os programas desenvolvidos pelo personal trainer podem chegar a consumidores de diferentes localidades.<\/p>\n\n\n\n<h3 class=\"wp-block-heading\"><strong>A for\u00e7a da comunica\u00e7\u00e3o com as mulheres<\/strong><\/h3>\n\n\n\n<p class=\"p4\">Outro aspecto marcante do trabalho de Jeferson Alves \u00e9 a defini\u00e7\u00e3o clara de p\u00fablico.<\/p>\n\n\n\n<p class=\"p4\">Sua comunica\u00e7\u00e3o comercial \u00e9 direcionada predominantemente \u00e0s mulheres e utiliza temas de grande procura no ambiente fitness, como perda de gordura abdominal, defini\u00e7\u00e3o corporal e desenvolvimento dos gl\u00fateos.<\/p>\n\n\n\n<p class=\"p4\">Esse posicionamento ajuda a explicar a constru\u00e7\u00e3o de uma marca pessoal espec\u00edfica em um mercado extremamente competitivo. Em vez de falar genericamente sobre atividade f\u00edsica, o profissional concentra sua comunica\u00e7\u00e3o em necessidades e objetivos bem definidos.<\/p>\n\n\n\n<h3 class=\"wp-block-heading\"><strong>Redes sociais como parte do neg\u00f3cio<\/strong><\/h3>\n\n\n\n<p class=\"p4\">O crescimento da audi\u00eancia digital tamb\u00e9m modificou a rela\u00e7\u00e3o entre conte\u00fado e atividade comercial.<\/p>\n\n\n\n<p class=\"p4\">No caso de Jeferson Alves, as redes sociais funcionam simultaneamente como espa\u00e7o de divulga\u00e7\u00e3o de conhecimento, relacionamento com seguidores e apresenta\u00e7\u00e3o de servi\u00e7os.<\/p>\n\n\n\n<p class=\"p4\">A estrat\u00e9gia \u00e9 baseada na produ\u00e7\u00e3o frequente de conte\u00fados sobre exerc\u00edcios e composi\u00e7\u00e3o corporal, enquanto as p\u00e1ginas de consultoria direcionam o p\u00fablico interessado para servi\u00e7os de acompanhamento personalizado.<\/p>\n\n\n\n<p class=\"p4\">\u00c9 um modelo que se tornando comum entre profissionais que transformam autoridade digital em neg\u00f3cios especializados.<\/p>\n\n\n\n<h3 class=\"wp-block-heading\"><strong>Um mercado em transforma\u00e7\u00e3o<\/strong><\/h3>\n\n\n\n<p class=\"p4\">A hist\u00f3ria profissional de Jeferson Alves representa, em escala individual, uma mudan\u00e7a que vem ocorrendo em todo o setor fitness.<\/p>\n\n\n\n<p class=\"p4\">A expans\u00e3o das plataformas digitais permitiu que profissionais especializados deixassem de atuar exclusivamente de forma local e passassem a construir marcas capazes de alcan\u00e7ar p\u00fablicos nacionais e internacionais.<\/p>\n\n\n\n<p class=\"p4\">Com uma carreira declarada de mais de 15 anos, uma metodologia pr\u00f3pria, presen\u00e7a expressiva nas redes sociais e uma empresa formalizada no segmento de condicionamento f\u00edsico, Jeferson Alves consolidou uma opera\u00e7\u00e3o que combina <strong>Educa\u00e7\u00e3o F\u00edsica, produ\u00e7\u00e3o de conte\u00fado, consultoria online e produtos digitais<\/strong>.<\/p>\n\n\n\n<p class=\"p4\">Mais do que acompanhar a transforma\u00e7\u00e3o digital do mercado fitness, o profissional passou a utilizar essa transforma\u00e7\u00e3o como parte central de seu modelo de neg\u00f3cio convertendo experi\u00eancia acumulada no atendimento f\u00edsico em uma marca com alcance muito al\u00e9m das fronteiras da academia.<\/p>\n\n\n\n<p class=\"p1\"><strong>Da academia ao celular, o fitness mudou de endere\u00e7o e Jeferson Alves fez das redes sociais uma extens\u00e3o de sua atua\u00e7\u00e3o profissional.<\/strong><\/p>","protected":false},"excerpt":{"rendered":"<p>Personal trainer construiu uma atua\u00e7\u00e3o voltada ao p\u00fablico feminino e utiliza as redes sociais como principal ferramenta para disseminar conte\u00fado sobre treinamento, emagrecimento e defini\u00e7\u00e3o corporal O avan\u00e7o das redes sociais transformou a maneira como profissionais de diferentes \u00e1reas se relacionam com o p\u00fablico. No mercado fitness, a mudan\u00e7a \u00e9 particularmente evidente: al\u00e9m das academias [&hellip;]<\/p>\n","protected":false},"author":9,"featured_media":43261,"comment_status":"closed","ping_status":"open","sticky":false,"template":"","format":"standard","meta":{"footnotes":""},"categories":[52],"tags":[],"class_list":["post-43262","post","type-post","status-publish","format-standard","has-post-thumbnail","hentry","category-noticias"],"yoast_head":"<!-- This site is optimized with the Yoast SEO Premium plugin v27.9 (Yoast SEO v27.9) - https:\/\/yoast.com\/product\/yoast-seo-premium-wordpress\/ -->\n<title>Jeferson Alves amplia presen\u00e7a no mercado fitness e transforma experi\u00eancia profissional em neg\u00f3cio digital - Fyno<\/title>\n<meta name=\"robots\" content=\"index, follow, max-snippet:-1, max-image-preview:large, max-video-preview:-1\" \/>\n<link rel=\"canonical\" href=\"https:\/\/fyno.pt\/pt\/noticias\/jeferson-alves-amplia-presenca-no-mercado-fitness-e-transforma-experiencia-profissional-em-negocio-digital\/\" \/>\n<meta property=\"og:locale\" content=\"pt_PT\" \/>\n<meta property=\"og:type\" content=\"article\" \/>\n<meta property=\"og:title\" content=\"Jeferson Alves amplia presen\u00e7a no mercado fitness e transforma experi\u00eancia profissional em neg\u00f3cio digital\" \/>\n<meta property=\"og:description\" content=\"Personal trainer construiu uma atua\u00e7\u00e3o voltada ao p\u00fablico feminino e utiliza as redes sociais como principal ferramenta para disseminar conte\u00fado sobre treinamento, emagrecimento e defini\u00e7\u00e3o corporal O avan\u00e7o das redes sociais transformou a maneira como profissionais de diferentes \u00e1reas se relacionam com o p\u00fablico. No mercado fitness, a mudan\u00e7a \u00e9 particularmente evidente: al\u00e9m das academias [&hellip;]\" \/>\n<meta property=\"og:url\" content=\"https:\/\/fyno.pt\/pt\/noticias\/jeferson-alves-amplia-presenca-no-mercado-fitness-e-transforma-experiencia-profissional-em-negocio-digital\/\" \/>\n<meta property=\"og:site_name\" content=\"Fyno\" \/>\n<meta property=\"article:published_time\" content=\"2026-08-26T18:13:09+00:00\" \/>\n<meta property=\"og:image\" content=\"https:\/\/fyno.pt\/wp-content\/uploads\/2026\/08\/img_0748.jpeg\" \/>\n\t<meta property=\"og:image:width\" content=\"1125\" \/>\n\t<meta property=\"og:image:height\" content=\"608\" \/>\n\t<meta property=\"og:image:type\" content=\"image\/jpeg\" \/>\n<meta name=\"author\" content=\"Fyno\" \/>\n<meta name=\"twitter:card\" content=\"summary_large_image\" \/>\n<meta name=\"twitter:label1\" content=\"Escrito por\" \/>\n\t<meta name=\"twitter:data1\" content=\"Fyno\" \/>\n\t<meta name=\"twitter:label2\" content=\"Tempo estimado de leitura\" \/>\n\t<meta name=\"twitter:data2\" content=\"6 minutos\" \/>\n<script type=\"application\/ld+json\" class=\"yoast-schema-graph\">{\"@context\":\"https:\\\/\\\/schema.org\",\"@graph\":[{\"@type\":\"Article\",\"@id\":\"https:\\\/\\\/fyno.pt\\\/noticias\\\/jeferson-alves-amplia-presenca-no-mercado-fitness-e-transforma-experiencia-profissional-em-negocio-digital\\\/#article\",\"isPartOf\":{\"@id\":\"https:\\\/\\\/fyno.pt\\\/noticias\\\/jeferson-alves-amplia-presenca-no-mercado-fitness-e-transforma-experiencia-profissional-em-negocio-digital\\\/\"},\"author\":{\"name\":\"Fyno\",\"@id\":\"https:\\\/\\\/fyno.pt\\\/#\\\/schema\\\/person\\\/ab5b330ed5ed05f1b4a7b8e438f68187\"},\"headline\":\"Jeferson Alves amplia presen\u00e7a no mercado fitness e transforma experi\u00eancia profissional em neg\u00f3cio digital\",\"datePublished\":\"2026-08-26T18:13:09+00:00\",\"mainEntityOfPage\":{\"@id\":\"https:\\\/\\\/fyno.pt\\\/noticias\\\/jeferson-alves-amplia-presenca-no-mercado-fitness-e-transforma-experiencia-profissional-em-negocio-digital\\\/\"},\"wordCount\":1239,\"image\":{\"@id\":\"https:\\\/\\\/fyno.pt\\\/noticias\\\/jeferson-alves-amplia-presenca-no-mercado-fitness-e-transforma-experiencia-profissional-em-negocio-digital\\\/#primaryimage\"},\"thumbnailUrl\":\"https:\\\/\\\/fyno.pt\\\/wp-content\\\/uploads\\\/2026\\\/08\\\/img_0748.jpeg\",\"articleSection\":[\"Not\u00edcias\"],\"inLanguage\":\"pt-PT\"},{\"@type\":\"WebPage\",\"@id\":\"https:\\\/\\\/fyno.pt\\\/noticias\\\/jeferson-alves-amplia-presenca-no-mercado-fitness-e-transforma-experiencia-profissional-em-negocio-digital\\\/\",\"url\":\"https:\\\/\\\/fyno.pt\\\/noticias\\\/jeferson-alves-amplia-presenca-no-mercado-fitness-e-transforma-experiencia-profissional-em-negocio-digital\\\/\",\"name\":\"Jeferson Alves amplia presen\u00e7a no mercado fitness e transforma experi\u00eancia profissional em neg\u00f3cio digital - Fyno\",\"isPartOf\":{\"@id\":\"https:\\\/\\\/fyno.pt\\\/#website\"},\"primaryImageOfPage\":{\"@id\":\"https:\\\/\\\/fyno.pt\\\/noticias\\\/jeferson-alves-amplia-presenca-no-mercado-fitness-e-transforma-experiencia-profissional-em-negocio-digital\\\/#primaryimage\"},\"image\":{\"@id\":\"https:\\\/\\\/fyno.pt\\\/noticias\\\/jeferson-alves-amplia-presenca-no-mercado-fitness-e-transforma-experiencia-profissional-em-negocio-digital\\\/#primaryimage\"},\"thumbnailUrl\":\"https:\\\/\\\/fyno.pt\\\/wp-content\\\/uploads\\\/2026\\\/08\\\/img_0748.jpeg\",\"datePublished\":\"2026-08-26T18:13:09+00:00\",\"author\":{\"@id\":\"https:\\\/\\\/fyno.pt\\\/#\\\/schema\\\/person\\\/ab5b330ed5ed05f1b4a7b8e438f68187\"},\"breadcrumb\":{\"@id\":\"https:\\\/\\\/fyno.pt\\\/noticias\\\/jeferson-alves-amplia-presenca-no-mercado-fitness-e-transforma-experiencia-profissional-em-negocio-digital\\\/#breadcrumb\"},\"inLanguage\":\"pt-PT\",\"potentialAction\":[{\"@type\":\"ReadAction\",\"target\":[\"https:\\\/\\\/fyno.pt\\\/noticias\\\/jeferson-alves-amplia-presenca-no-mercado-fitness-e-transforma-experiencia-profissional-em-negocio-digital\\\/\"]}]},{\"@type\":\"ImageObject\",\"inLanguage\":\"pt-PT\",\"@id\":\"https:\\\/\\\/fyno.pt\\\/noticias\\\/jeferson-alves-amplia-presenca-no-mercado-fitness-e-transforma-experiencia-profissional-em-negocio-digital\\\/#primaryimage\",\"url\":\"https:\\\/\\\/fyno.pt\\\/wp-content\\\/uploads\\\/2026\\\/08\\\/img_0748.jpeg\",\"contentUrl\":\"https:\\\/\\\/fyno.pt\\\/wp-content\\\/uploads\\\/2026\\\/08\\\/img_0748.jpeg\",\"width\":1125,\"height\":608,\"caption\":\"Screenshot\"},{\"@type\":\"BreadcrumbList\",\"@id\":\"https:\\\/\\\/fyno.pt\\\/noticias\\\/jeferson-alves-amplia-presenca-no-mercado-fitness-e-transforma-experiencia-profissional-em-negocio-digital\\\/#breadcrumb\",\"itemListElement\":[{\"@type\":\"ListItem\",\"position\":1,\"name\":\"In\u00edcio\",\"item\":\"https:\\\/\\\/fyno.pt\\\/\"},{\"@type\":\"ListItem\",\"position\":2,\"name\":\"Jeferson Alves amplia presen\u00e7a no mercado fitness e transforma experi\u00eancia profissional em neg\u00f3cio digital\"}]},{\"@type\":\"WebSite\",\"@id\":\"https:\\\/\\\/fyno.pt\\\/#website\",\"url\":\"https:\\\/\\\/fyno.pt\\\/\",\"name\":\"Fyno\",\"description\":\"Not\u00edcia e informa\u00e7\u00e3o\",\"potentialAction\":[{\"@type\":\"SearchAction\",\"target\":{\"@type\":\"EntryPoint\",\"urlTemplate\":\"https:\\\/\\\/fyno.pt\\\/?s={search_term_string}\"},\"query-input\":{\"@type\":\"PropertyValueSpecification\",\"valueRequired\":true,\"valueName\":\"search_term_string\"}}],\"inLanguage\":\"pt-PT\"},{\"@type\":\"Person\",\"@id\":\"https:\\\/\\\/fyno.pt\\\/#\\\/schema\\\/person\\\/ab5b330ed5ed05f1b4a7b8e438f68187\",\"name\":\"Fyno\",\"image\":{\"@type\":\"ImageObject\",\"inLanguage\":\"pt-PT\",\"@id\":\"https:\\\/\\\/fyno.pt\\\/wp-content\\\/litespeed\\\/avatar\\\/8f51870e8d94c234e288da840d914372.jpg?ver=1788205134\",\"url\":\"https:\\\/\\\/fyno.pt\\\/wp-content\\\/litespeed\\\/avatar\\\/8f51870e8d94c234e288da840d914372.jpg?ver=1788205134\",\"contentUrl\":\"https:\\\/\\\/fyno.pt\\\/wp-content\\\/litespeed\\\/avatar\\\/8f51870e8d94c234e288da840d914372.jpg?ver=1788205134\",\"caption\":\"Fyno\"},\"description\":\"A sua fonte de informa\u00e7\u00e3o.\",\"url\":\"https:\\\/\\\/fyno.pt\\\/pt\\\/author\\\/fynopt\\\/\"}]}<\/script>\n<!-- \/ Yoast SEO Premium plugin. -->","yoast_head_json":{"title":"Jeferson Alves amplia presen\u00e7a no mercado fitness e transforma experi\u00eancia profissional em neg\u00f3cio digital - Fyno","robots":{"index":"index","follow":"follow","max-snippet":"max-snippet:-1","max-image-preview":"max-image-preview:large","max-video-preview":"max-video-preview:-1"},"canonical":"https:\/\/fyno.pt\/pt\/noticias\/jeferson-alves-amplia-presenca-no-mercado-fitness-e-transforma-experiencia-profissional-em-negocio-digital\/","og_locale":"pt_PT","og_type":"article","og_title":"Jeferson Alves amplia presen\u00e7a no mercado fitness e transforma experi\u00eancia profissional em neg\u00f3cio digital","og_description":"Personal trainer construiu uma atua\u00e7\u00e3o voltada ao p\u00fablico feminino e utiliza as redes sociais como principal ferramenta para disseminar conte\u00fado sobre treinamento, emagrecimento e defini\u00e7\u00e3o corporal O avan\u00e7o das redes sociais transformou a maneira como profissionais de diferentes \u00e1reas se relacionam com o p\u00fablico. No mercado fitness, a mudan\u00e7a \u00e9 particularmente evidente: al\u00e9m das academias [&hellip;]","og_url":"https:\/\/fyno.pt\/pt\/noticias\/jeferson-alves-amplia-presenca-no-mercado-fitness-e-transforma-experiencia-profissional-em-negocio-digital\/","og_site_name":"Fyno","article_published_time":"2026-08-26T18:13:09+00:00","og_image":[{"width":1125,"height":608,"url":"https:\/\/fyno.pt\/wp-content\/uploads\/2026\/08\/img_0748.jpeg","type":"image\/jpeg"}],"author":"Fyno","twitter_card":"summary_large_image","twitter_misc":{"Escrito por":"Fyno","Tempo estimado de leitura":"6 minutos"},"schema":{"@context":"https:\/\/schema.org","@graph":[{"@type":"Article","@id":"https:\/\/fyno.pt\/noticias\/jeferson-alves-amplia-presenca-no-mercado-fitness-e-transforma-experiencia-profissional-em-negocio-digital\/#article","isPartOf":{"@id":"https:\/\/fyno.pt\/noticias\/jeferson-alves-amplia-presenca-no-mercado-fitness-e-transforma-experiencia-profissional-em-negocio-digital\/"},"author":{"name":"Fyno","@id":"https:\/\/fyno.pt\/#\/schema\/person\/ab5b330ed5ed05f1b4a7b8e438f68187"},"headline":"Jeferson Alves amplia presen\u00e7a no mercado fitness e transforma experi\u00eancia profissional em neg\u00f3cio digital","datePublished":"2026-08-26T18:13:09+00:00","mainEntityOfPage":{"@id":"https:\/\/fyno.pt\/noticias\/jeferson-alves-amplia-presenca-no-mercado-fitness-e-transforma-experiencia-profissional-em-negocio-digital\/"},"wordCount":1239,"image":{"@id":"https:\/\/fyno.pt\/noticias\/jeferson-alves-amplia-presenca-no-mercado-fitness-e-transforma-experiencia-profissional-em-negocio-digital\/#primaryimage"},"thumbnailUrl":"https:\/\/fyno.pt\/wp-content\/uploads\/2026\/08\/img_0748.jpeg","articleSection":["Not\u00edcias"],"inLanguage":"pt-PT"},{"@type":"WebPage","@id":"https:\/\/fyno.pt\/noticias\/jeferson-alves-amplia-presenca-no-mercado-fitness-e-transforma-experiencia-profissional-em-negocio-digital\/","url":"https:\/\/fyno.pt\/noticias\/jeferson-alves-amplia-presenca-no-mercado-fitness-e-transforma-experiencia-profissional-em-negocio-digital\/","name":"Jeferson Alves amplia presen\u00e7a no mercado fitness e transforma experi\u00eancia profissional em neg\u00f3cio digital - Fyno","isPartOf":{"@id":"https:\/\/fyno.pt\/#website"},"primaryImageOfPage":{"@id":"https:\/\/fyno.pt\/noticias\/jeferson-alves-amplia-presenca-no-mercado-fitness-e-transforma-experiencia-profissional-em-negocio-digital\/#primaryimage"},"image":{"@id":"https:\/\/fyno.pt\/noticias\/jeferson-alves-amplia-presenca-no-mercado-fitness-e-transforma-experiencia-profissional-em-negocio-digital\/#primaryimage"},"thumbnailUrl":"https:\/\/fyno.pt\/wp-content\/uploads\/2026\/08\/img_0748.jpeg","datePublished":"2026-08-26T18:13:09+00:00","author":{"@id":"https:\/\/fyno.pt\/#\/schema\/person\/ab5b330ed5ed05f1b4a7b8e438f68187"},"breadcrumb":{"@id":"https:\/\/fyno.pt\/noticias\/jeferson-alves-amplia-presenca-no-mercado-fitness-e-transforma-experiencia-profissional-em-negocio-digital\/#breadcrumb"},"inLanguage":"pt-PT","potentialAction":[{"@type":"ReadAction","target":["https:\/\/fyno.pt\/noticias\/jeferson-alves-amplia-presenca-no-mercado-fitness-e-transforma-experiencia-profissional-em-negocio-digital\/"]}]},{"@type":"ImageObject","inLanguage":"pt-PT","@id":"https:\/\/fyno.pt\/noticias\/jeferson-alves-amplia-presenca-no-mercado-fitness-e-transforma-experiencia-profissional-em-negocio-digital\/#primaryimage","url":"https:\/\/fyno.pt\/wp-content\/uploads\/2026\/08\/img_0748.jpeg","contentUrl":"https:\/\/fyno.pt\/wp-content\/uploads\/2026\/08\/img_0748.jpeg","width":1125,"height":608,"caption":"Screenshot"},{"@type":"BreadcrumbList","@id":"https:\/\/fyno.pt\/noticias\/jeferson-alves-amplia-presenca-no-mercado-fitness-e-transforma-experiencia-profissional-em-negocio-digital\/#breadcrumb","itemListElement":[{"@type":"ListItem","position":1,"name":"In\u00edcio","item":"https:\/\/fyno.pt\/"},{"@type":"ListItem","position":2,"name":"Jeferson Alves amplia presen\u00e7a no mercado fitness e transforma experi\u00eancia profissional em neg\u00f3cio digital"}]},{"@type":"WebSite","@id":"https:\/\/fyno.pt\/#website","url":"https:\/\/fyno.pt\/","name":"Fyno","description":"Not\u00edcia e informa\u00e7\u00e3o","potentialAction":[{"@type":"SearchAction","target":{"@type":"EntryPoint","urlTemplate":"https:\/\/fyno.pt\/?s={search_term_string}"},"query-input":{"@type":"PropertyValueSpecification","valueRequired":true,"valueName":"search_term_string"}}],"inLanguage":"pt-PT"},{"@type":"Person","@id":"https:\/\/fyno.pt\/#\/schema\/person\/ab5b330ed5ed05f1b4a7b8e438f68187","name":"Fyno","image":{"@type":"ImageObject","inLanguage":"pt-PT","@id":"https:\/\/fyno.pt\/wp-content\/litespeed\/avatar\/8f51870e8d94c234e288da840d914372.jpg?ver=1788205134","url":"https:\/\/fyno.pt\/wp-content\/litespeed\/avatar\/8f51870e8d94c234e288da840d914372.jpg?ver=1788205134","contentUrl":"https:\/\/fyno.pt\/wp-content\/litespeed\/avatar\/8f51870e8d94c234e288da840d914372.jpg?ver=1788205134","caption":"Fyno"},"description":"A sua fonte de informa\u00e7\u00e3o.","url":"https:\/\/fyno.pt\/pt\/author\/fynopt\/"}]}},"_links":{"self":[{"href":"https:\/\/fyno.pt\/pt\/wp-json\/wp\/v2\/posts\/43262","targetHints":{"allow":["GET"]}}],"collection":[{"href":"https:\/\/fyno.pt\/pt\/wp-json\/wp\/v2\/posts"}],"about":[{"href":"https:\/\/fyno.pt\/pt\/wp-json\/wp\/v2\/types\/post"}],"author":[{"embeddable":true,"href":"https:\/\/fyno.pt\/pt\/wp-json\/wp\/v2\/users\/9"}],"replies":[{"embeddable":true,"href":"https:\/\/fyno.pt\/pt\/wp-json\/wp\/v2\/comments?post=43262"}],"version-history":[{"count":1,"href":"https:\/\/fyno.pt\/pt\/wp-json\/wp\/v2\/posts\/43262\/revisions"}],"predecessor-version":[{"id":43263,"href":"https:\/\/fyno.pt\/pt\/wp-json\/wp\/v2\/posts\/43262\/revisions\/43263"}],"wp:featuredmedia":[{"embeddable":true,"href":"https:\/\/fyno.pt\/pt\/wp-json\/wp\/v2\/media\/43261"}],"wp:attachment":[{"href":"https:\/\/fyno.pt\/pt\/wp-json\/wp\/v2\/media?parent=43262"}],"wp:term":[{"taxonomy":"category","embeddable":true,"href":"https:\/\/fyno.pt\/pt\/wp-json\/wp\/v2\/categories?post=43262"},{"taxonomy":"post_tag","embeddable":true,"href":"https:\/\/fyno.pt\/pt\/wp-json\/wp\/v2\/tags?post=43262"}],"curies":[{"name":"wp","href":"https:\/\/api.w.org\/{rel}","templated":true}]}}