{"id":43256,"date":"2026-08-26T12:08:55","date_gmt":"2026-08-26T15:08:55","guid":{"rendered":"https:\/\/fyno.pt\/?p=43256"},"modified":"2026-08-26T12:08:55","modified_gmt":"2026-08-26T15:08:55","slug":"yugnir-do-mercado-artistico-a-construcao-de-uma-marca-que-ultrapassa-os-palcos","status":"publish","type":"post","link":"https:\/\/fyno.pt\/pt\/famosos\/yugnir-do-mercado-artistico-a-construcao-de-uma-marca-que-ultrapassa-os-palcos\/","title":{"rendered":"Yugnir: do mercado art\u00edstico \u00e0 constru\u00e7\u00e3o de uma marca que ultrapassa os palcos"},"content":{"rendered":"<p class=\"p3\"><strong><em>Empres\u00e1rio art\u00edstico paraibano ganhou proje\u00e7\u00e3o nacional, construiu conex\u00f5es com grandes nomes do entretenimento e transformou sua presen\u00e7a digital em uma importante vitrine profissional<\/em><\/strong><\/p>\n\n\n\n<p class=\"p4\">No mercado do entretenimento, onde relacionamentos, oportunidades e capacidade de negocia\u00e7\u00e3o caminham lado a lado, poucos profissionais conseguem construir uma trajet\u00f3ria que ultrapasse os bastidores e se transforme tamb\u00e9m em uma marca pessoal. <strong>Yugnir \u00c2ngelo<\/strong> \u00e9 um desses nomes.<\/p>\n\n\n\n<p class=\"p4\">Empres\u00e1rio art\u00edstico, empreendedor e figura conhecida nas redes sociais, Yugnir construiu sua trajet\u00f3ria no universo do entretenimento e, ao longo dos anos, passou a circular entre artistas, produtores, influenciadores e grandes eventos.<\/p>\n\n\n\n<p class=\"p4\">Seu pr\u00f3prio perfil nas redes sociais resume parte dessa atua\u00e7\u00e3o: <strong>\u201cEmpres\u00e1rio art\u00edstico\u201d<\/strong>. Com uma audi\u00eancia superior a 1 milh\u00e3o de seguidores no Instagram, sua presen\u00e7a digital se tornou uma extens\u00e3o de sua atividade profissional e uma plataforma para publicidade, relacionamento com marcas e divulga\u00e7\u00e3o de projetos. <\/p>\n\n\n\n<h2 class=\"wp-block-heading\"><strong>Uma trajet\u00f3ria constru\u00edda no entretenimento<\/strong><\/h2>\n\n\n\n<p class=\"p4\">Antes de ganhar proje\u00e7\u00e3o nacional nas redes sociais, Yugnir j\u00e1 estava inserido no mercado art\u00edstico.<\/p>\n\n\n\n<p class=\"p4\">Seu nome passou a ser associado \u00e0 produ\u00e7\u00e3o e gest\u00e3o de eventos e artistas, al\u00e9m de empreendimentos ligados ao entretenimento na Para\u00edba. A imprensa especializada o descreve como empres\u00e1rio art\u00edstico e tamb\u00e9m como propriet\u00e1rio da <strong>Domus Hall<\/strong>, casa de eventos localizada em Jo\u00e3o Pessoa.<\/p>\n\n\n\n<p class=\"p4\">A experi\u00eancia nos bastidores proporcionou ao empres\u00e1rio uma vis\u00e3o que vai al\u00e9m da exposi\u00e7\u00e3o de um artista no palco. Envolve negocia\u00e7\u00e3o, relacionamento, produ\u00e7\u00e3o, divulga\u00e7\u00e3o e constru\u00e7\u00e3o de oportunidades.<\/p>\n\n\n\n<p class=\"p4\">\u00c9 justamente essa capacidade de transitar entre diferentes \u00e1reas que ajudou a consolidar sua imagem no setor.<\/p>\n\n\n\n<h2 class=\"wp-block-heading\"><strong>Do backstage para os holofotes<\/strong><\/h2>\n\n\n\n<figure class=\"wp-block-image size-large\"><img fetchpriority=\"high\" decoding=\"async\" width=\"786\" height=\"1024\" src=\"https:\/\/fyno.pt\/wp-content\/uploads\/2026\/08\/img_0728-786x1024.jpeg\" class=\"wp-image-43255\" srcset=\"https:\/\/fyno.pt\/wp-content\/uploads\/2026\/08\/img_0728-786x1024.jpeg 786w, https:\/\/fyno.pt\/wp-content\/uploads\/2026\/08\/img_0728-230x300.jpeg 230w, https:\/\/fyno.pt\/wp-content\/uploads\/2026\/08\/img_0728-768x1001.jpeg 768w, https:\/\/fyno.pt\/wp-content\/uploads\/2026\/08\/img_0728-9x12.jpeg 9w, https:\/\/fyno.pt\/wp-content\/uploads\/2026\/08\/img_0728-750x977.jpeg 750w, https:\/\/fyno.pt\/wp-content\/uploads\/2026\/08\/img_0728.jpeg 1125w\" sizes=\"(max-width: 786px) 100vw, 786px\" \/><\/figure>\n\n\n\n<p class=\"p4\">A trajet\u00f3ria profissional ganhou ainda mais visibilidade quando Yugnir passou a aparecer com frequ\u00eancia ao lado de personalidades conhecidas do entretenimento brasileiro.<\/p>\n\n\n\n<p class=\"p4\">Sua rela\u00e7\u00e3o com a cantora <strong>Mar\u00edlia Mendon\u00e7a<\/strong>, com quem manteve um relacionamento e chegou a ficar noivo, fez com que seu nome ganhasse proje\u00e7\u00e3o nacional. A imprensa registrou o relacionamento entre os dois a partir de 2015 e o noivado em 2016.<\/p>\n\n\n\n<p class=\"p4\">Anos depois, sua participa\u00e7\u00e3o no reality <strong>Power Couple Brasil<\/strong> ao lado de Mirela Janis ampliou ainda mais sua exposi\u00e7\u00e3o p\u00fablica. O programa levou sua rotina e sua personalidade para milh\u00f5es de espectadores e ajudou a transformar o empres\u00e1rio de bastidor em uma personalidade conhecida tamb\u00e9m pelo grande p\u00fablico.<\/p>\n\n\n\n<h2 class=\"wp-block-heading\"><strong>A for\u00e7a das redes sociais<\/strong><\/h2>\n\n\n\n<p class=\"p4\">Se o mercado art\u00edstico foi respons\u00e1vel pela constru\u00e7\u00e3o profissional de Yugnir, as redes sociais ajudaram a transformar essa trajet\u00f3ria em uma marca.<\/p>\n\n\n\n<p class=\"p4\">Atualmente, seu perfil re\u00fane mais de 1 milh\u00e3o de seguidores e milhares de publica\u00e7\u00f5es. Al\u00e9m de registrar viagens, eventos e momentos pessoais, a conta funciona como espa\u00e7o para publicidade e relacionamento com marcas. <\/p>\n\n\n\n<p class=\"p4\">Essa combina\u00e7\u00e3o entre experi\u00eancia empresarial e audi\u00eancia digital cria uma caracter\u00edstica valorizada pelo mercado publicit\u00e1rio: <strong>Yugnir n\u00e3o \u00e9 apenas um influenciador, mas algu\u00e9m com experi\u00eancia direta no universo do entretenimento e dos neg\u00f3cios.<\/strong><\/p>\n\n\n\n<p class=\"p4\">A relev\u00e2ncia desse posicionamento aparece tamb\u00e9m em sua atua\u00e7\u00e3o comercial. O perfil mant\u00e9m contato espec\u00edfico para publicidade, sinalizando uma estrutura profissional voltada para parcerias e campanhas.<\/p>\n\n\n\n<h2 class=\"wp-block-heading\"><strong>Um empres\u00e1rio que entende o valor da experi\u00eancia<\/strong><\/h2>\n\n\n\n<p class=\"p4\">A atua\u00e7\u00e3o no entretenimento exige mais do que visibilidade.<\/p>\n\n\n\n<p class=\"p4\">Por tr\u00e1s de um grande evento existem contratos, fornecedores, artistas, equipes t\u00e9cnicas, divulga\u00e7\u00e3o, log\u00edstica e relacionamento com o p\u00fablico. \u00c9 um mercado no qual experi\u00eancia e credibilidade podem ser determinantes para transformar uma oportunidade em um projeto bem-sucedido.<\/p>\n\n\n\n<p class=\"p4\">Yugnir construiu sua carreira justamente nesse ambiente.<\/p>\n\n\n\n<p class=\"p4\">A experi\u00eancia acumulada ao lado de artistas e em grandes eventos permitiu que desenvolvesse uma rede de relacionamentos dentro do setor e uma compreens\u00e3o pr\u00e1tica dos mecanismos que movimentam o mercado do entretenimento.<\/p>\n\n\n\n<h2 class=\"wp-block-heading\"><strong>Uma marca pessoal que tamb\u00e9m virou neg\u00f3cio<\/strong><\/h2>\n\n\n\n<p class=\"p4\">A transforma\u00e7\u00e3o da imagem pessoal em ativo profissional \u00e9 uma das marcas da trajet\u00f3ria de Yugnir.<\/p>\n\n\n\n<p class=\"p4\">Sua presen\u00e7a p\u00fablica passou a reunir tr\u00eas elementos que normalmente aparecem separados: <strong>empreendedorismo, entretenimento e influ\u00eancia digital<\/strong>.<\/p>\n\n\n\n<p class=\"p4\">Em 2023, por exemplo, seu casamento com Mirela Janis recebeu ampla cobertura da imprensa e foi realizado em uma casa de shows em Jo\u00e3o Pessoa. Segundo a assessoria do casal, a celebra\u00e7\u00e3o teve or\u00e7amento estimado em R$ 2 milh\u00f5es, dimens\u00e3o que tamb\u00e9m evidenciou a capacidade de mobiliza\u00e7\u00e3o e produ\u00e7\u00e3o associada ao nome de Yugnir.<\/p>\n\n\n\n<p class=\"p4\">A exposi\u00e7\u00e3o p\u00fablica, entretanto, n\u00e3o substitui a atua\u00e7\u00e3o empresarial. Pelo contr\u00e1rio: para Yugnir, a visibilidade funciona como uma ferramenta adicional dentro de uma trajet\u00f3ria constru\u00edda no mercado art\u00edstico.<\/p>\n\n\n\n<h2 class=\"wp-block-heading\"><strong>Entre neg\u00f3cios, entretenimento e influ\u00eancia<\/strong><\/h2>\n\n\n\n<p class=\"p4\">O perfil profissional de Yugnir representa uma tend\u00eancia cada vez mais forte no mercado brasileiro: empres\u00e1rios do entretenimento que tamb\u00e9m se transformam em personalidades digitais.<\/p>\n\n\n\n<p class=\"p4\">A combina\u00e7\u00e3o permite criar novas oportunidades comerciais, aproximar marcas do p\u00fablico e estabelecer conex\u00f5es que v\u00e3o muito al\u00e9m da contrata\u00e7\u00e3o tradicional de um artista.<\/p>\n\n\n\n<p class=\"p4\">Com presen\u00e7a consolidada nas redes, experi\u00eancia no setor art\u00edstico e uma trajet\u00f3ria marcada pelo contato com nomes conhecidos do entretenimento, Yugnir se posiciona hoje como um profissional que re\u00fane <strong>visibilidade, relacionamento e experi\u00eancia de mercado<\/strong>.<\/p>\n\n\n\n<p class=\"p4\">Mais do que estar diante dos holofotes, ele aprendeu a trabalhar nos bastidores justamente onde grande parte dos neg\u00f3cios do entretenimento acontece.<\/p>\n\n\n\n<h2 class=\"wp-block-heading\"><strong>Uma trajet\u00f3ria que continua em expans\u00e3o<\/strong><\/h2>\n\n\n\n<p class=\"p4\">A hist\u00f3ria de Yugnir mostra como o mercado art\u00edstico pode criar caminhos que v\u00e3o muito al\u00e9m dos palcos.<\/p>\n\n\n\n<p class=\"p4\">De empres\u00e1rio ligado \u00e0 produ\u00e7\u00e3o e ao entretenimento a uma personalidade com mais de um milh\u00e3o de seguidores, sua trajet\u00f3ria foi constru\u00edda a partir da combina\u00e7\u00e3o entre neg\u00f3cios, relacionamentos profissionais e comunica\u00e7\u00e3o digital.<\/p>\n\n\n\n<p class=\"p4\">Em um setor no qual aten\u00e7\u00e3o \u00e9 moeda e conex\u00f5es podem abrir portas, Yugnir transformou sua experi\u00eancia no entretenimento em uma marca reconhecida nacionalmente.<\/p>\n\n\n\n<p class=\"p5\">E, enquanto os artistas ocupam o palco, profissionais como ele trabalham para fazer com que os projetos aconte\u00e7am negociando, conectando pessoas, criando oportunidades e movimentando uma ind\u00fastria que continua crescendo.<\/p>\n\n\n\n<p><\/p>","protected":false},"excerpt":{"rendered":"<p>Empres\u00e1rio art\u00edstico paraibano ganhou proje\u00e7\u00e3o nacional, construiu conex\u00f5es com grandes nomes do entretenimento e transformou sua presen\u00e7a digital em uma importante vitrine profissional No mercado do entretenimento, onde relacionamentos, oportunidades e capacidade de negocia\u00e7\u00e3o caminham lado a lado, poucos profissionais conseguem construir uma trajet\u00f3ria que ultrapasse os bastidores e se transforme tamb\u00e9m em uma marca [&hellip;]<\/p>\n","protected":false},"author":9,"featured_media":43254,"comment_status":"closed","ping_status":"open","sticky":false,"template":"","format":"standard","meta":{"footnotes":""},"categories":[50],"tags":[],"class_list":["post-43256","post","type-post","status-publish","format-standard","has-post-thumbnail","hentry","category-famosos"],"yoast_head":"<!-- This site is optimized with the Yoast SEO Premium plugin v27.9 (Yoast SEO v27.9) - https:\/\/yoast.com\/product\/yoast-seo-premium-wordpress\/ -->\n<title>Yugnir: do mercado art\u00edstico \u00e0 constru\u00e7\u00e3o de uma marca que ultrapassa os palcos - Fyno<\/title>\n<meta name=\"robots\" content=\"index, follow, max-snippet:-1, max-image-preview:large, max-video-preview:-1\" \/>\n<link rel=\"canonical\" href=\"https:\/\/fyno.pt\/pt\/famosos\/yugnir-do-mercado-artistico-a-construcao-de-uma-marca-que-ultrapassa-os-palcos\/\" \/>\n<meta property=\"og:locale\" content=\"pt_PT\" \/>\n<meta property=\"og:type\" content=\"article\" \/>\n<meta property=\"og:title\" content=\"Yugnir: do mercado art\u00edstico \u00e0 constru\u00e7\u00e3o de uma marca que ultrapassa os palcos\" \/>\n<meta property=\"og:description\" content=\"Empres\u00e1rio art\u00edstico paraibano ganhou proje\u00e7\u00e3o nacional, construiu conex\u00f5es com grandes nomes do entretenimento e transformou sua presen\u00e7a digital em uma importante vitrine profissional No mercado do entretenimento, onde relacionamentos, oportunidades e capacidade de negocia\u00e7\u00e3o caminham lado a lado, poucos profissionais conseguem construir uma trajet\u00f3ria que ultrapasse os bastidores e se transforme tamb\u00e9m em uma marca [&hellip;]\" \/>\n<meta property=\"og:url\" content=\"https:\/\/fyno.pt\/pt\/famosos\/yugnir-do-mercado-artistico-a-construcao-de-uma-marca-que-ultrapassa-os-palcos\/\" \/>\n<meta property=\"og:site_name\" content=\"Fyno\" \/>\n<meta property=\"article:published_time\" content=\"2026-08-26T15:08:55+00:00\" \/>\n<meta property=\"og:image\" content=\"https:\/\/fyno.pt\/wp-content\/uploads\/2026\/08\/img_0727.jpeg\" \/>\n\t<meta property=\"og:image:width\" content=\"1125\" \/>\n\t<meta property=\"og:image:height\" content=\"675\" \/>\n\t<meta property=\"og:image:type\" content=\"image\/jpeg\" \/>\n<meta name=\"author\" content=\"Fyno\" \/>\n<meta name=\"twitter:card\" content=\"summary_large_image\" \/>\n<meta name=\"twitter:label1\" content=\"Escrito por\" \/>\n\t<meta name=\"twitter:data1\" content=\"Fyno\" \/>\n\t<meta name=\"twitter:label2\" content=\"Tempo estimado de leitura\" \/>\n\t<meta name=\"twitter:data2\" content=\"5 minutos\" \/>\n<script type=\"application\/ld+json\" class=\"yoast-schema-graph\">{\"@context\":\"https:\\\/\\\/schema.org\",\"@graph\":[{\"@type\":\"Article\",\"@id\":\"https:\\\/\\\/fyno.pt\\\/famosos\\\/yugnir-do-mercado-artistico-a-construcao-de-uma-marca-que-ultrapassa-os-palcos\\\/#article\",\"isPartOf\":{\"@id\":\"https:\\\/\\\/fyno.pt\\\/famosos\\\/yugnir-do-mercado-artistico-a-construcao-de-uma-marca-que-ultrapassa-os-palcos\\\/\"},\"author\":{\"name\":\"Fyno\",\"@id\":\"https:\\\/\\\/fyno.pt\\\/#\\\/schema\\\/person\\\/ab5b330ed5ed05f1b4a7b8e438f68187\"},\"headline\":\"Yugnir: do mercado art\u00edstico \u00e0 constru\u00e7\u00e3o de uma marca que ultrapassa os palcos\",\"datePublished\":\"2026-08-26T15:08:55+00:00\",\"mainEntityOfPage\":{\"@id\":\"https:\\\/\\\/fyno.pt\\\/famosos\\\/yugnir-do-mercado-artistico-a-construcao-de-uma-marca-que-ultrapassa-os-palcos\\\/\"},\"wordCount\":1076,\"image\":{\"@id\":\"https:\\\/\\\/fyno.pt\\\/famosos\\\/yugnir-do-mercado-artistico-a-construcao-de-uma-marca-que-ultrapassa-os-palcos\\\/#primaryimage\"},\"thumbnailUrl\":\"https:\\\/\\\/fyno.pt\\\/wp-content\\\/uploads\\\/2026\\\/08\\\/img_0727.jpeg\",\"articleSection\":[\"Famosos\"],\"inLanguage\":\"pt-PT\"},{\"@type\":\"WebPage\",\"@id\":\"https:\\\/\\\/fyno.pt\\\/famosos\\\/yugnir-do-mercado-artistico-a-construcao-de-uma-marca-que-ultrapassa-os-palcos\\\/\",\"url\":\"https:\\\/\\\/fyno.pt\\\/famosos\\\/yugnir-do-mercado-artistico-a-construcao-de-uma-marca-que-ultrapassa-os-palcos\\\/\",\"name\":\"Yugnir: do mercado art\u00edstico \u00e0 constru\u00e7\u00e3o de uma marca que ultrapassa os palcos - Fyno\",\"isPartOf\":{\"@id\":\"https:\\\/\\\/fyno.pt\\\/#website\"},\"primaryImageOfPage\":{\"@id\":\"https:\\\/\\\/fyno.pt\\\/famosos\\\/yugnir-do-mercado-artistico-a-construcao-de-uma-marca-que-ultrapassa-os-palcos\\\/#primaryimage\"},\"image\":{\"@id\":\"https:\\\/\\\/fyno.pt\\\/famosos\\\/yugnir-do-mercado-artistico-a-construcao-de-uma-marca-que-ultrapassa-os-palcos\\\/#primaryimage\"},\"thumbnailUrl\":\"https:\\\/\\\/fyno.pt\\\/wp-content\\\/uploads\\\/2026\\\/08\\\/img_0727.jpeg\",\"datePublished\":\"2026-08-26T15:08:55+00:00\",\"author\":{\"@id\":\"https:\\\/\\\/fyno.pt\\\/#\\\/schema\\\/person\\\/ab5b330ed5ed05f1b4a7b8e438f68187\"},\"breadcrumb\":{\"@id\":\"https:\\\/\\\/fyno.pt\\\/famosos\\\/yugnir-do-mercado-artistico-a-construcao-de-uma-marca-que-ultrapassa-os-palcos\\\/#breadcrumb\"},\"inLanguage\":\"pt-PT\",\"potentialAction\":[{\"@type\":\"ReadAction\",\"target\":[\"https:\\\/\\\/fyno.pt\\\/famosos\\\/yugnir-do-mercado-artistico-a-construcao-de-uma-marca-que-ultrapassa-os-palcos\\\/\"]}]},{\"@type\":\"ImageObject\",\"inLanguage\":\"pt-PT\",\"@id\":\"https:\\\/\\\/fyno.pt\\\/famosos\\\/yugnir-do-mercado-artistico-a-construcao-de-uma-marca-que-ultrapassa-os-palcos\\\/#primaryimage\",\"url\":\"https:\\\/\\\/fyno.pt\\\/wp-content\\\/uploads\\\/2026\\\/08\\\/img_0727.jpeg\",\"contentUrl\":\"https:\\\/\\\/fyno.pt\\\/wp-content\\\/uploads\\\/2026\\\/08\\\/img_0727.jpeg\",\"width\":1125,\"height\":675,\"caption\":\"Foto Reprodu\u00e7\u00e3o.\"},{\"@type\":\"BreadcrumbList\",\"@id\":\"https:\\\/\\\/fyno.pt\\\/famosos\\\/yugnir-do-mercado-artistico-a-construcao-de-uma-marca-que-ultrapassa-os-palcos\\\/#breadcrumb\",\"itemListElement\":[{\"@type\":\"ListItem\",\"position\":1,\"name\":\"In\u00edcio\",\"item\":\"https:\\\/\\\/fyno.pt\\\/\"},{\"@type\":\"ListItem\",\"position\":2,\"name\":\"Yugnir: do mercado art\u00edstico \u00e0 constru\u00e7\u00e3o de uma marca que ultrapassa os palcos\"}]},{\"@type\":\"WebSite\",\"@id\":\"https:\\\/\\\/fyno.pt\\\/#website\",\"url\":\"https:\\\/\\\/fyno.pt\\\/\",\"name\":\"Fyno\",\"description\":\"Not\u00edcia e informa\u00e7\u00e3o\",\"potentialAction\":[{\"@type\":\"SearchAction\",\"target\":{\"@type\":\"EntryPoint\",\"urlTemplate\":\"https:\\\/\\\/fyno.pt\\\/?s={search_term_string}\"},\"query-input\":{\"@type\":\"PropertyValueSpecification\",\"valueRequired\":true,\"valueName\":\"search_term_string\"}}],\"inLanguage\":\"pt-PT\"},{\"@type\":\"Person\",\"@id\":\"https:\\\/\\\/fyno.pt\\\/#\\\/schema\\\/person\\\/ab5b330ed5ed05f1b4a7b8e438f68187\",\"name\":\"Fyno\",\"image\":{\"@type\":\"ImageObject\",\"inLanguage\":\"pt-PT\",\"@id\":\"https:\\\/\\\/fyno.pt\\\/wp-content\\\/litespeed\\\/avatar\\\/8f51870e8d94c234e288da840d914372.jpg?ver=1788205134\",\"url\":\"https:\\\/\\\/fyno.pt\\\/wp-content\\\/litespeed\\\/avatar\\\/8f51870e8d94c234e288da840d914372.jpg?ver=1788205134\",\"contentUrl\":\"https:\\\/\\\/fyno.pt\\\/wp-content\\\/litespeed\\\/avatar\\\/8f51870e8d94c234e288da840d914372.jpg?ver=1788205134\",\"caption\":\"Fyno\"},\"description\":\"A sua fonte de informa\u00e7\u00e3o.\",\"url\":\"https:\\\/\\\/fyno.pt\\\/pt\\\/author\\\/fynopt\\\/\"}]}<\/script>\n<!-- \/ Yoast SEO Premium plugin. -->","yoast_head_json":{"title":"Yugnir: do mercado art\u00edstico \u00e0 constru\u00e7\u00e3o de uma marca que ultrapassa os palcos - Fyno","robots":{"index":"index","follow":"follow","max-snippet":"max-snippet:-1","max-image-preview":"max-image-preview:large","max-video-preview":"max-video-preview:-1"},"canonical":"https:\/\/fyno.pt\/pt\/famosos\/yugnir-do-mercado-artistico-a-construcao-de-uma-marca-que-ultrapassa-os-palcos\/","og_locale":"pt_PT","og_type":"article","og_title":"Yugnir: do mercado art\u00edstico \u00e0 constru\u00e7\u00e3o de uma marca que ultrapassa os palcos","og_description":"Empres\u00e1rio art\u00edstico paraibano ganhou proje\u00e7\u00e3o nacional, construiu conex\u00f5es com grandes nomes do entretenimento e transformou sua presen\u00e7a digital em uma importante vitrine profissional No mercado do entretenimento, onde relacionamentos, oportunidades e capacidade de negocia\u00e7\u00e3o caminham lado a lado, poucos profissionais conseguem construir uma trajet\u00f3ria que ultrapasse os bastidores e se transforme tamb\u00e9m em uma marca [&hellip;]","og_url":"https:\/\/fyno.pt\/pt\/famosos\/yugnir-do-mercado-artistico-a-construcao-de-uma-marca-que-ultrapassa-os-palcos\/","og_site_name":"Fyno","article_published_time":"2026-08-26T15:08:55+00:00","og_image":[{"width":1125,"height":675,"url":"https:\/\/fyno.pt\/wp-content\/uploads\/2026\/08\/img_0727.jpeg","type":"image\/jpeg"}],"author":"Fyno","twitter_card":"summary_large_image","twitter_misc":{"Escrito por":"Fyno","Tempo estimado de leitura":"5 minutos"},"schema":{"@context":"https:\/\/schema.org","@graph":[{"@type":"Article","@id":"https:\/\/fyno.pt\/famosos\/yugnir-do-mercado-artistico-a-construcao-de-uma-marca-que-ultrapassa-os-palcos\/#article","isPartOf":{"@id":"https:\/\/fyno.pt\/famosos\/yugnir-do-mercado-artistico-a-construcao-de-uma-marca-que-ultrapassa-os-palcos\/"},"author":{"name":"Fyno","@id":"https:\/\/fyno.pt\/#\/schema\/person\/ab5b330ed5ed05f1b4a7b8e438f68187"},"headline":"Yugnir: do mercado art\u00edstico \u00e0 constru\u00e7\u00e3o de uma marca que ultrapassa os palcos","datePublished":"2026-08-26T15:08:55+00:00","mainEntityOfPage":{"@id":"https:\/\/fyno.pt\/famosos\/yugnir-do-mercado-artistico-a-construcao-de-uma-marca-que-ultrapassa-os-palcos\/"},"wordCount":1076,"image":{"@id":"https:\/\/fyno.pt\/famosos\/yugnir-do-mercado-artistico-a-construcao-de-uma-marca-que-ultrapassa-os-palcos\/#primaryimage"},"thumbnailUrl":"https:\/\/fyno.pt\/wp-content\/uploads\/2026\/08\/img_0727.jpeg","articleSection":["Famosos"],"inLanguage":"pt-PT"},{"@type":"WebPage","@id":"https:\/\/fyno.pt\/famosos\/yugnir-do-mercado-artistico-a-construcao-de-uma-marca-que-ultrapassa-os-palcos\/","url":"https:\/\/fyno.pt\/famosos\/yugnir-do-mercado-artistico-a-construcao-de-uma-marca-que-ultrapassa-os-palcos\/","name":"Yugnir: do mercado art\u00edstico \u00e0 constru\u00e7\u00e3o de uma marca que ultrapassa os palcos - Fyno","isPartOf":{"@id":"https:\/\/fyno.pt\/#website"},"primaryImageOfPage":{"@id":"https:\/\/fyno.pt\/famosos\/yugnir-do-mercado-artistico-a-construcao-de-uma-marca-que-ultrapassa-os-palcos\/#primaryimage"},"image":{"@id":"https:\/\/fyno.pt\/famosos\/yugnir-do-mercado-artistico-a-construcao-de-uma-marca-que-ultrapassa-os-palcos\/#primaryimage"},"thumbnailUrl":"https:\/\/fyno.pt\/wp-content\/uploads\/2026\/08\/img_0727.jpeg","datePublished":"2026-08-26T15:08:55+00:00","author":{"@id":"https:\/\/fyno.pt\/#\/schema\/person\/ab5b330ed5ed05f1b4a7b8e438f68187"},"breadcrumb":{"@id":"https:\/\/fyno.pt\/famosos\/yugnir-do-mercado-artistico-a-construcao-de-uma-marca-que-ultrapassa-os-palcos\/#breadcrumb"},"inLanguage":"pt-PT","potentialAction":[{"@type":"ReadAction","target":["https:\/\/fyno.pt\/famosos\/yugnir-do-mercado-artistico-a-construcao-de-uma-marca-que-ultrapassa-os-palcos\/"]}]},{"@type":"ImageObject","inLanguage":"pt-PT","@id":"https:\/\/fyno.pt\/famosos\/yugnir-do-mercado-artistico-a-construcao-de-uma-marca-que-ultrapassa-os-palcos\/#primaryimage","url":"https:\/\/fyno.pt\/wp-content\/uploads\/2026\/08\/img_0727.jpeg","contentUrl":"https:\/\/fyno.pt\/wp-content\/uploads\/2026\/08\/img_0727.jpeg","width":1125,"height":675,"caption":"Foto Reprodu\u00e7\u00e3o."},{"@type":"BreadcrumbList","@id":"https:\/\/fyno.pt\/famosos\/yugnir-do-mercado-artistico-a-construcao-de-uma-marca-que-ultrapassa-os-palcos\/#breadcrumb","itemListElement":[{"@type":"ListItem","position":1,"name":"In\u00edcio","item":"https:\/\/fyno.pt\/"},{"@type":"ListItem","position":2,"name":"Yugnir: do mercado art\u00edstico \u00e0 constru\u00e7\u00e3o de uma marca que ultrapassa os palcos"}]},{"@type":"WebSite","@id":"https:\/\/fyno.pt\/#website","url":"https:\/\/fyno.pt\/","name":"Fyno","description":"Not\u00edcia e informa\u00e7\u00e3o","potentialAction":[{"@type":"SearchAction","target":{"@type":"EntryPoint","urlTemplate":"https:\/\/fyno.pt\/?s={search_term_string}"},"query-input":{"@type":"PropertyValueSpecification","valueRequired":true,"valueName":"search_term_string"}}],"inLanguage":"pt-PT"},{"@type":"Person","@id":"https:\/\/fyno.pt\/#\/schema\/person\/ab5b330ed5ed05f1b4a7b8e438f68187","name":"Fyno","image":{"@type":"ImageObject","inLanguage":"pt-PT","@id":"https:\/\/fyno.pt\/wp-content\/litespeed\/avatar\/8f51870e8d94c234e288da840d914372.jpg?ver=1788205134","url":"https:\/\/fyno.pt\/wp-content\/litespeed\/avatar\/8f51870e8d94c234e288da840d914372.jpg?ver=1788205134","contentUrl":"https:\/\/fyno.pt\/wp-content\/litespeed\/avatar\/8f51870e8d94c234e288da840d914372.jpg?ver=1788205134","caption":"Fyno"},"description":"A sua fonte de informa\u00e7\u00e3o.","url":"https:\/\/fyno.pt\/pt\/author\/fynopt\/"}]}},"_links":{"self":[{"href":"https:\/\/fyno.pt\/pt\/wp-json\/wp\/v2\/posts\/43256","targetHints":{"allow":["GET"]}}],"collection":[{"href":"https:\/\/fyno.pt\/pt\/wp-json\/wp\/v2\/posts"}],"about":[{"href":"https:\/\/fyno.pt\/pt\/wp-json\/wp\/v2\/types\/post"}],"author":[{"embeddable":true,"href":"https:\/\/fyno.pt\/pt\/wp-json\/wp\/v2\/users\/9"}],"replies":[{"embeddable":true,"href":"https:\/\/fyno.pt\/pt\/wp-json\/wp\/v2\/comments?post=43256"}],"version-history":[{"count":1,"href":"https:\/\/fyno.pt\/pt\/wp-json\/wp\/v2\/posts\/43256\/revisions"}],"predecessor-version":[{"id":43257,"href":"https:\/\/fyno.pt\/pt\/wp-json\/wp\/v2\/posts\/43256\/revisions\/43257"}],"wp:featuredmedia":[{"embeddable":true,"href":"https:\/\/fyno.pt\/pt\/wp-json\/wp\/v2\/media\/43254"}],"wp:attachment":[{"href":"https:\/\/fyno.pt\/pt\/wp-json\/wp\/v2\/media?parent=43256"}],"wp:term":[{"taxonomy":"category","embeddable":true,"href":"https:\/\/fyno.pt\/pt\/wp-json\/wp\/v2\/categories?post=43256"},{"taxonomy":"post_tag","embeddable":true,"href":"https:\/\/fyno.pt\/pt\/wp-json\/wp\/v2\/tags?post=43256"}],"curies":[{"name":"wp","href":"https:\/\/api.w.org\/{rel}","templated":true}]}}